{"id":10473,"date":"2025-02-24T09:45:30","date_gmt":"2025-02-24T13:45:30","guid":{"rendered":"https:\/\/www.colegiomanuelbulnes.cl\/?p=10473"},"modified":"2025-02-24T09:45:30","modified_gmt":"2025-02-24T13:45:30","slug":"bienvenidos-al-ano-escolar-2025","status":"publish","type":"post","link":"https:\/\/www.colegiomanuelbulnes.cl\/?p=10473","title":{"rendered":"\u00a1Bienvenidos al A\u00f1o Escolar 2025!"},"content":{"rendered":"\n<p>Estimados Estudiantes, Padres y Apoderados,<\/p>\n\n\n\n<p>Junto con&nbsp;saludarles, y esperando que est\u00e9n muy bien, les informamos que&nbsp;la fecha de inicio de&nbsp;clases&nbsp;para este a\u00f1o 2025, ser\u00e1 este jueves&nbsp;<strong>27 de febrero<\/strong>.&nbsp;El motivo de esta fecha de&nbsp;ingreso anticipado&nbsp;responde a la recuperaci\u00f3n adelantada de algunos d\u00edas interferiados que se presentar\u00e1n durante este a\u00f1o, en espec\u00edfico, los d\u00edas 02 de mayo, adem\u00e1s del 15, 16 y 17 de septiembre, d\u00edas en los que los estudiantes no tendr\u00e1n clases.<\/p>\n\n\n\n<p>Los horarios para los primeros d\u00edas de clases, ser\u00e1n de acuerdo a la siguiente informaci\u00f3n:<\/p>\n\n\n\n<p><strong><u>Jueves 27-Feb., Viernes 28-Feb. y Lunes 03-Mar.<\/u><\/strong><\/p>\n\n\n\n<p>JORNADA MA\u00d1ANA<\/p>\n\n\n\n<p>Educaci\u00f3n B\u00e1sica: 08:00 a 12:00 hrs.<\/p>\n\n\n\n<p>Educaci\u00f3n Parvularia: 08:30 a 12:00 hrs.<\/p>\n\n\n\n<p>JORNADA TARDE<\/p>\n\n\n\n<p>Educaci\u00f3n B\u00e1sica: 14:00 a 18:00 hrs.<\/p>\n\n\n\n<p>Educaci\u00f3n Parvularia: 14:30 a 18:00 hrs.<\/p>\n\n\n\n<p><strong><u>Desde el Martes 04-Mar. hasta el Viernes&nbsp;07-Mar.<\/u><\/strong><\/p>\n\n\n\n<p>JORNADA MA\u00d1ANA<\/p>\n\n\n\n<p>Educaci\u00f3n B\u00e1sica: 08:00 a 13:00 hrs.<\/p>\n\n\n\n<p>JORNADA TARDE<\/p>\n\n\n\n<p>Educaci\u00f3n B\u00e1sica: 14:00 a 19:00 hrs.<\/p>\n\n\n\n<p>*Los horarios para Educaci\u00f3n Parvularia se mantienen igual que los d\u00edas anteriores, y los cambios se informar\u00e1n oportunamente.<\/p>\n\n\n\n<p>Aprovechamos de informar que todas las solicitudes de emisi\u00f3n de Certificados de Alumno Regular, ser\u00e1n respondidas a partir de la fecha de ingreso a clases.<\/p>\n\n\n\n<p>Esperando que tengan un excelente t\u00e9rmino de vacaciones, y un buen inicio de a\u00f1o escolar 2025, se despide atentamente&#8211;<\/p>\n\n\n\n<p><strong>Equipo de Inspector\u00eda<\/strong> <strong>Colegio Manuel Bulnes Linares<\/strong><\/p>\n\n\n\n\n\n<figure class=\"wp-block-image size-large\"><img loading=\"lazy\" decoding=\"async\" width=\"576\" height=\"1024\" src=\"https:\/\/www.colegiomanuelbulnes.cl\/wp-content\/uploads\/2025\/02\/Historia-de-Instagram-regreso-a-clases-creativo-azul-5-1-576x1024.png\" alt=\"\" class=\"wp-image-10475\" srcset=\"https:\/\/www.colegiomanuelbulnes.cl\/wp-content\/uploads\/2025\/02\/Historia-de-Instagram-regreso-a-clases-creativo-azul-5-1-576x1024.png 576w, https:\/\/www.colegiomanuelbulnes.cl\/wp-content\/uploads\/2025\/02\/Historia-de-Instagram-regreso-a-clases-creativo-azul-5-1-169x300.png 169w, https:\/\/www.colegiomanuelbulnes.cl\/wp-content\/uploads\/2025\/02\/Historia-de-Instagram-regreso-a-clases-creativo-azul-5-1-768x1365.png 768w, https:\/\/www.colegiomanuelbulnes.cl\/wp-content\/uploads\/2025\/02\/Historia-de-Instagram-regreso-a-clases-creativo-azul-5-1-864x1536.png 864w, https:\/\/www.colegiomanuelbulnes.cl\/wp-content\/uploads\/2025\/02\/Historia-de-Instagram-regreso-a-clases-creativo-azul-5-1.png 1080w\" sizes=\"(max-width: 576px) 100vw, 576px\" \/><\/figure>\n","protected":false},"excerpt":{"rendered":"<p>Estimados Estudiantes, Padres y Apoderados, Junto con&nbsp;saludarles, y esperando que est\u00e9n muy bien, les informamos que&nbsp;la fecha de inicio de&nbsp;clases&nbsp;para este a\u00f1o 2025, ser\u00e1 este jueves&nbsp;27 de febrero.&nbsp;El motivo de esta fecha de&nbsp;ingreso anticipado&nbsp;responde a la recuperaci\u00f3n adelantada de algunos d\u00edas interferiados que se presentar\u00e1n durante este a\u00f1o, en espec\u00edfico, los d\u00edas 02 de mayo, [&hellip;]<\/p>\n","protected":false},"author":1,"featured_media":10474,"comment_status":"closed","ping_status":"open","sticky":false,"template":"","format":"standard","meta":{"footnotes":""},"categories":[3],"tags":[],"_links":{"self":[{"href":"https:\/\/www.colegiomanuelbulnes.cl\/index.php?rest_route=\/wp\/v2\/posts\/10473"}],"collection":[{"href":"https:\/\/www.colegiomanuelbulnes.cl\/index.php?rest_route=\/wp\/v2\/posts"}],"about":[{"href":"https:\/\/www.colegiomanuelbulnes.cl\/index.php?rest_route=\/wp\/v2\/types\/post"}],"author":[{"embeddable":true,"href":"https:\/\/www.colegiomanuelbulnes.cl\/index.php?rest_route=\/wp\/v2\/users\/1"}],"replies":[{"embeddable":true,"href":"https:\/\/www.colegiomanuelbulnes.cl\/index.php?rest_route=%2Fwp%2Fv2%2Fcomments&post=10473"}],"version-history":[{"count":1,"href":"https:\/\/www.colegiomanuelbulnes.cl\/index.php?rest_route=\/wp\/v2\/posts\/10473\/revisions"}],"predecessor-version":[{"id":10476,"href":"https:\/\/www.colegiomanuelbulnes.cl\/index.php?rest_route=\/wp\/v2\/posts\/10473\/revisions\/10476"}],"wp:featuredmedia":[{"embeddable":true,"href":"https:\/\/www.colegiomanuelbulnes.cl\/index.php?rest_route=\/wp\/v2\/media\/10474"}],"wp:attachment":[{"href":"https:\/\/www.colegiomanuelbulnes.cl\/index.php?rest_route=%2Fwp%2Fv2%2Fmedia&parent=10473"}],"wp:term":[{"taxonomy":"category","embeddable":true,"href":"https:\/\/www.colegiomanuelbulnes.cl\/index.php?rest_route=%2Fwp%2Fv2%2Fcategories&post=10473"},{"taxonomy":"post_tag","embeddable":true,"href":"https:\/\/www.colegiomanuelbulnes.cl\/index.php?rest_route=%2Fwp%2Fv2%2Ftags&post=10473"}],"curies":[{"name":"wp","href":"https:\/\/api.w.org\/{rel}","templated":true}]}}