{"id":1150,"date":"2019-04-05T13:16:50","date_gmt":"2019-04-05T17:16:50","guid":{"rendered":"http:\/\/www.colegiomanuelbulnes.cl\/?p=1150"},"modified":"2019-04-10T13:37:39","modified_gmt":"2019-04-10T17:37:39","slug":"corrida-educacion-parvularia","status":"publish","type":"post","link":"https:\/\/www.colegiomanuelbulnes.cl\/?p=1150","title":{"rendered":"Corrida Educaci\u00f3n Parvularia"},"content":{"rendered":"\n<p> En celebraci\u00f3n del d\u00eda de la actividad f\u00edsica, los alumnos de la educaci\u00f3n Parvularia del Colegio Manuel Bulnes, se tomaron las calles de los alrededores del colegio para llevar a cabo una entretenida y saludable marat\u00f3n de dos cuadras,  en la cual vecinos del sector tambi\u00e9n se hicieron presentes apoyando con aliento para los ni\u00f1os, tomando fotos y demostrando su alegr\u00eda al presenciar esta noble causa.  <\/p>\n\n\n\n<p>\n\nAgradecemos el gesti\u00f3n de carabineros de Linares, quienes apoyaron la actividad y resguardaron la seguridad de nuestros alumnos deteniendo el trafico para la seguridad de los peque\u00f1os durante la carrera. \n\n<\/p>\n\n\n\n<ul class=\"wp-block-gallery columns-3 is-cropped wp-block-gallery-1 is-layout-flex wp-block-gallery-is-layout-flex\"><li class=\"blocks-gallery-item\"><figure><img loading=\"lazy\" decoding=\"async\" width=\"259\" height=\"250\" src=\"https:\/\/www.colegiomanuelbulnes.cl\/wp-content\/uploads\/2019\/04\/Captura.png\" alt=\"\" data-id=\"1142\" data-link=\"https:\/\/www.colegiomanuelbulnes.cl\/corrida-educacion-parvularia\/captura-5\/\" class=\"wp-image-1142\"\/><\/figure><\/li><li class=\"blocks-gallery-item\"><figure><img loading=\"lazy\" decoding=\"async\" width=\"1024\" height=\"768\" src=\"https:\/\/www.colegiomanuelbulnes.cl\/wp-content\/uploads\/2019\/04\/IMG_6157-1024x768.jpg\" alt=\"\" data-id=\"1143\" data-link=\"https:\/\/www.colegiomanuelbulnes.cl\/corrida-educacion-parvularia\/img_6157\/\" class=\"wp-image-1143\" srcset=\"https:\/\/www.colegiomanuelbulnes.cl\/wp-content\/uploads\/2019\/04\/IMG_6157-1024x768.jpg 1024w, https:\/\/www.colegiomanuelbulnes.cl\/wp-content\/uploads\/2019\/04\/IMG_6157-300x225.jpg 300w, https:\/\/www.colegiomanuelbulnes.cl\/wp-content\/uploads\/2019\/04\/IMG_6157-768x576.jpg 768w\" sizes=\"(max-width: 1024px) 100vw, 1024px\" \/><\/figure><\/li><li class=\"blocks-gallery-item\"><figure><img loading=\"lazy\" decoding=\"async\" width=\"1024\" height=\"768\" src=\"https:\/\/www.colegiomanuelbulnes.cl\/wp-content\/uploads\/2019\/04\/IMG_6161-1024x768.jpg\" alt=\"\" data-id=\"1144\" data-link=\"https:\/\/www.colegiomanuelbulnes.cl\/corrida-educacion-parvularia\/img_6161\/\" class=\"wp-image-1144\" srcset=\"https:\/\/www.colegiomanuelbulnes.cl\/wp-content\/uploads\/2019\/04\/IMG_6161-1024x768.jpg 1024w, https:\/\/www.colegiomanuelbulnes.cl\/wp-content\/uploads\/2019\/04\/IMG_6161-300x225.jpg 300w, https:\/\/www.colegiomanuelbulnes.cl\/wp-content\/uploads\/2019\/04\/IMG_6161-768x576.jpg 768w\" sizes=\"(max-width: 1024px) 100vw, 1024px\" \/><\/figure><\/li><li class=\"blocks-gallery-item\"><figure><img loading=\"lazy\" decoding=\"async\" width=\"1024\" height=\"768\" src=\"https:\/\/www.colegiomanuelbulnes.cl\/wp-content\/uploads\/2019\/04\/IMG_6166-1024x768.jpg\" alt=\"\" data-id=\"1145\" data-link=\"https:\/\/www.colegiomanuelbulnes.cl\/corrida-educacion-parvularia\/img_6166\/\" class=\"wp-image-1145\" srcset=\"https:\/\/www.colegiomanuelbulnes.cl\/wp-content\/uploads\/2019\/04\/IMG_6166-1024x768.jpg 1024w, https:\/\/www.colegiomanuelbulnes.cl\/wp-content\/uploads\/2019\/04\/IMG_6166-300x225.jpg 300w, https:\/\/www.colegiomanuelbulnes.cl\/wp-content\/uploads\/2019\/04\/IMG_6166-768x576.jpg 768w\" sizes=\"(max-width: 1024px) 100vw, 1024px\" \/><\/figure><\/li><li class=\"blocks-gallery-item\"><figure><img loading=\"lazy\" decoding=\"async\" width=\"1024\" height=\"768\" src=\"https:\/\/www.colegiomanuelbulnes.cl\/wp-content\/uploads\/2019\/04\/IMG_6178-1024x768.jpg\" alt=\"\" data-id=\"1146\" data-link=\"https:\/\/www.colegiomanuelbulnes.cl\/corrida-educacion-parvularia\/img_6178\/\" class=\"wp-image-1146\" srcset=\"https:\/\/www.colegiomanuelbulnes.cl\/wp-content\/uploads\/2019\/04\/IMG_6178-1024x768.jpg 1024w, https:\/\/www.colegiomanuelbulnes.cl\/wp-content\/uploads\/2019\/04\/IMG_6178-300x225.jpg 300w, https:\/\/www.colegiomanuelbulnes.cl\/wp-content\/uploads\/2019\/04\/IMG_6178-768x576.jpg 768w\" sizes=\"(max-width: 1024px) 100vw, 1024px\" \/><\/figure><\/li><li class=\"blocks-gallery-item\"><figure><img loading=\"lazy\" decoding=\"async\" width=\"1024\" height=\"768\" src=\"https:\/\/www.colegiomanuelbulnes.cl\/wp-content\/uploads\/2019\/04\/IMG_6182-1024x768.jpg\" alt=\"\" data-id=\"1147\" data-link=\"https:\/\/www.colegiomanuelbulnes.cl\/corrida-educacion-parvularia\/img_6182\/\" class=\"wp-image-1147\" srcset=\"https:\/\/www.colegiomanuelbulnes.cl\/wp-content\/uploads\/2019\/04\/IMG_6182-1024x768.jpg 1024w, https:\/\/www.colegiomanuelbulnes.cl\/wp-content\/uploads\/2019\/04\/IMG_6182-300x225.jpg 300w, https:\/\/www.colegiomanuelbulnes.cl\/wp-content\/uploads\/2019\/04\/IMG_6182-768x576.jpg 768w, https:\/\/www.colegiomanuelbulnes.cl\/wp-content\/uploads\/2019\/04\/IMG_6182.jpg 1152w\" sizes=\"(max-width: 1024px) 100vw, 1024px\" \/><\/figure><\/li><\/ul>\n\n\n\n<figure class=\"wp-block-embed-youtube wp-block-embed is-type-video is-provider-youtube wp-embed-aspect-16-9 wp-has-aspect-ratio\"><div class=\"wp-block-embed__wrapper\">\nhttps:\/\/www.youtube.com\/watch?v=MaKd9aZTkeM&#038;feature=youtu.be\n<\/div><\/figure>\n","protected":false},"excerpt":{"rendered":"<p>En celebraci\u00f3n del d\u00eda de la actividad f\u00edsica, los alumnos de la educaci\u00f3n Parvularia del Colegio Manuel Bulnes, se tomaron las calles de los alrededores del colegio para llevar a cabo una entretenida y saludable marat\u00f3n de dos cuadras, en la cual vecinos del sector tambi\u00e9n se hicieron presentes apoyando con aliento para los ni\u00f1os, [&hellip;]<\/p>\n","protected":false},"author":1,"featured_media":1147,"comment_status":"closed","ping_status":"open","sticky":false,"template":"","format":"standard","meta":{"footnotes":""},"categories":[3],"tags":[],"_links":{"self":[{"href":"https:\/\/www.colegiomanuelbulnes.cl\/index.php?rest_route=\/wp\/v2\/posts\/1150"}],"collection":[{"href":"https:\/\/www.colegiomanuelbulnes.cl\/index.php?rest_route=\/wp\/v2\/posts"}],"about":[{"href":"https:\/\/www.colegiomanuelbulnes.cl\/index.php?rest_route=\/wp\/v2\/types\/post"}],"author":[{"embeddable":true,"href":"https:\/\/www.colegiomanuelbulnes.cl\/index.php?rest_route=\/wp\/v2\/users\/1"}],"replies":[{"embeddable":true,"href":"https:\/\/www.colegiomanuelbulnes.cl\/index.php?rest_route=%2Fwp%2Fv2%2Fcomments&post=1150"}],"version-history":[{"count":1,"href":"https:\/\/www.colegiomanuelbulnes.cl\/index.php?rest_route=\/wp\/v2\/posts\/1150\/revisions"}],"predecessor-version":[{"id":1151,"href":"https:\/\/www.colegiomanuelbulnes.cl\/index.php?rest_route=\/wp\/v2\/posts\/1150\/revisions\/1151"}],"wp:featuredmedia":[{"embeddable":true,"href":"https:\/\/www.colegiomanuelbulnes.cl\/index.php?rest_route=\/wp\/v2\/media\/1147"}],"wp:attachment":[{"href":"https:\/\/www.colegiomanuelbulnes.cl\/index.php?rest_route=%2Fwp%2Fv2%2Fmedia&parent=1150"}],"wp:term":[{"taxonomy":"category","embeddable":true,"href":"https:\/\/www.colegiomanuelbulnes.cl\/index.php?rest_route=%2Fwp%2Fv2%2Fcategories&post=1150"},{"taxonomy":"post_tag","embeddable":true,"href":"https:\/\/www.colegiomanuelbulnes.cl\/index.php?rest_route=%2Fwp%2Fv2%2Ftags&post=1150"}],"curies":[{"name":"wp","href":"https:\/\/api.w.org\/{rel}","templated":true}]}}