{"id":1169,"date":"2019-04-08T18:44:56","date_gmt":"2019-04-08T22:44:56","guid":{"rendered":"http:\/\/www.colegiomanuelbulnes.cl\/?p=1169"},"modified":"2019-04-08T18:46:08","modified_gmt":"2019-04-08T22:46:08","slug":"la-patria-comienza-en-linares","status":"publish","type":"post","link":"https:\/\/www.colegiomanuelbulnes.cl\/?p=1169","title":{"rendered":"La patria comienza en Linares"},"content":{"rendered":"\n<p>En\nel marco de la primera salida pedag\u00f3gica del a\u00f1o, el &nbsp;nivel de <strong>sexto\na\u00f1o b\u00e1sico a, el pasado jueves 4 de abril<\/strong>, en la asignatura de Historia,\nGeograf\u00eda y Ciencias Sociales contempl\u00f3 dentro de su planificaci\u00f3n acad\u00e9mica 2019,\nuna &nbsp;visita a la Escuela de Artiller\u00eda,\nde Linares; aquello dentro del contexto de la unidad 1, tema la&nbsp; Independencia de Chile y Am\u00e9rica. <\/p>\n\n\n\n<p>En\nesta oportunidad; los estudiantes asistieron a una breve charla con el objetivo\nde profundizar en el conocimiento sobre el primer hecho de armas entre\npatriotas y realistas &nbsp;ocurrido durante\nla Patria Vieja el 6 de abril de 1813, en nuestra ciudad, &nbsp;lo que marca de acuerdo a la&nbsp; historiograf\u00eda actual, el inicio del proceso\nde independencia de nuestro pa\u00eds. <\/p>\n\n\n\n<p>&nbsp;La finalidad de lo anterior, apunta a reforzar\nlo visto en clases, asimismo realzar el valor de la identidad de nuestra\nhistoria local, entendiendo esta fecha, como un evento recientemente\nincorporado al conocimiento de la colectividad Linarense y por tanto, &nbsp;una actualizaci\u00f3n tambi\u00e9n en el conocimiento\nde nuestros estudiantes. <\/p>\n\n\n\n<ul class=\"wp-block-gallery alignwide columns-3 is-cropped wp-block-gallery-1 is-layout-flex wp-block-gallery-is-layout-flex\"><li class=\"blocks-gallery-item\"><figure><img loading=\"lazy\" decoding=\"async\" width=\"1024\" height=\"768\" src=\"https:\/\/www.colegiomanuelbulnes.cl\/wp-content\/uploads\/2019\/04\/WhatsApp-Image-2019-04-08-at-17.42.35-1024x768.jpeg\" alt=\"\" data-id=\"1171\" data-link=\"https:\/\/www.colegiomanuelbulnes.cl\/?attachment_id=1171\" class=\"wp-image-1171\" srcset=\"https:\/\/www.colegiomanuelbulnes.cl\/wp-content\/uploads\/2019\/04\/WhatsApp-Image-2019-04-08-at-17.42.35-1024x768.jpeg 1024w, https:\/\/www.colegiomanuelbulnes.cl\/wp-content\/uploads\/2019\/04\/WhatsApp-Image-2019-04-08-at-17.42.35-300x225.jpeg 300w, https:\/\/www.colegiomanuelbulnes.cl\/wp-content\/uploads\/2019\/04\/WhatsApp-Image-2019-04-08-at-17.42.35-768x576.jpeg 768w, https:\/\/www.colegiomanuelbulnes.cl\/wp-content\/uploads\/2019\/04\/WhatsApp-Image-2019-04-08-at-17.42.35.jpeg 1040w\" sizes=\"(max-width: 1024px) 100vw, 1024px\" \/><\/figure><\/li><li class=\"blocks-gallery-item\"><figure><img loading=\"lazy\" decoding=\"async\" width=\"1024\" height=\"768\" src=\"https:\/\/www.colegiomanuelbulnes.cl\/wp-content\/uploads\/2019\/04\/WhatsApp-Image-2019-04-08-at-17.42.42-1024x768.jpeg\" alt=\"\" data-id=\"1172\" data-link=\"https:\/\/www.colegiomanuelbulnes.cl\/?attachment_id=1172\" class=\"wp-image-1172\" srcset=\"https:\/\/www.colegiomanuelbulnes.cl\/wp-content\/uploads\/2019\/04\/WhatsApp-Image-2019-04-08-at-17.42.42-1024x768.jpeg 1024w, https:\/\/www.colegiomanuelbulnes.cl\/wp-content\/uploads\/2019\/04\/WhatsApp-Image-2019-04-08-at-17.42.42-300x225.jpeg 300w, https:\/\/www.colegiomanuelbulnes.cl\/wp-content\/uploads\/2019\/04\/WhatsApp-Image-2019-04-08-at-17.42.42-768x576.jpeg 768w, https:\/\/www.colegiomanuelbulnes.cl\/wp-content\/uploads\/2019\/04\/WhatsApp-Image-2019-04-08-at-17.42.42.jpeg 1040w\" sizes=\"(max-width: 1024px) 100vw, 1024px\" \/><\/figure><\/li><li class=\"blocks-gallery-item\"><figure><img loading=\"lazy\" decoding=\"async\" width=\"1024\" height=\"768\" src=\"https:\/\/www.colegiomanuelbulnes.cl\/wp-content\/uploads\/2019\/04\/WhatsApp-Image-2019-04-08-at-17.42.43-1-1024x768.jpeg\" alt=\"\" data-id=\"1173\" data-link=\"https:\/\/www.colegiomanuelbulnes.cl\/?attachment_id=1173\" class=\"wp-image-1173\" srcset=\"https:\/\/www.colegiomanuelbulnes.cl\/wp-content\/uploads\/2019\/04\/WhatsApp-Image-2019-04-08-at-17.42.43-1-1024x768.jpeg 1024w, https:\/\/www.colegiomanuelbulnes.cl\/wp-content\/uploads\/2019\/04\/WhatsApp-Image-2019-04-08-at-17.42.43-1-300x225.jpeg 300w, https:\/\/www.colegiomanuelbulnes.cl\/wp-content\/uploads\/2019\/04\/WhatsApp-Image-2019-04-08-at-17.42.43-1-768x576.jpeg 768w, https:\/\/www.colegiomanuelbulnes.cl\/wp-content\/uploads\/2019\/04\/WhatsApp-Image-2019-04-08-at-17.42.43-1.jpeg 1040w\" sizes=\"(max-width: 1024px) 100vw, 1024px\" \/><\/figure><\/li><li class=\"blocks-gallery-item\"><figure><img loading=\"lazy\" decoding=\"async\" width=\"1024\" height=\"768\" src=\"https:\/\/www.colegiomanuelbulnes.cl\/wp-content\/uploads\/2019\/04\/WhatsApp-Image-2019-04-08-at-17.42.44-1-1024x768.jpeg\" alt=\"\" data-id=\"1174\" data-link=\"https:\/\/www.colegiomanuelbulnes.cl\/?attachment_id=1174\" class=\"wp-image-1174\" srcset=\"https:\/\/www.colegiomanuelbulnes.cl\/wp-content\/uploads\/2019\/04\/WhatsApp-Image-2019-04-08-at-17.42.44-1-1024x768.jpeg 1024w, https:\/\/www.colegiomanuelbulnes.cl\/wp-content\/uploads\/2019\/04\/WhatsApp-Image-2019-04-08-at-17.42.44-1-300x225.jpeg 300w, https:\/\/www.colegiomanuelbulnes.cl\/wp-content\/uploads\/2019\/04\/WhatsApp-Image-2019-04-08-at-17.42.44-1-768x576.jpeg 768w, https:\/\/www.colegiomanuelbulnes.cl\/wp-content\/uploads\/2019\/04\/WhatsApp-Image-2019-04-08-at-17.42.44-1.jpeg 1040w\" sizes=\"(max-width: 1024px) 100vw, 1024px\" \/><\/figure><\/li><li class=\"blocks-gallery-item\"><figure><img loading=\"lazy\" decoding=\"async\" width=\"1024\" height=\"768\" src=\"https:\/\/www.colegiomanuelbulnes.cl\/wp-content\/uploads\/2019\/04\/WhatsApp-Image-2019-04-08-at-17.42.44-1024x768.jpeg\" alt=\"\" data-id=\"1175\" data-link=\"https:\/\/www.colegiomanuelbulnes.cl\/?attachment_id=1175\" class=\"wp-image-1175\" srcset=\"https:\/\/www.colegiomanuelbulnes.cl\/wp-content\/uploads\/2019\/04\/WhatsApp-Image-2019-04-08-at-17.42.44-1024x768.jpeg 1024w, https:\/\/www.colegiomanuelbulnes.cl\/wp-content\/uploads\/2019\/04\/WhatsApp-Image-2019-04-08-at-17.42.44-300x225.jpeg 300w, https:\/\/www.colegiomanuelbulnes.cl\/wp-content\/uploads\/2019\/04\/WhatsApp-Image-2019-04-08-at-17.42.44-768x576.jpeg 768w, https:\/\/www.colegiomanuelbulnes.cl\/wp-content\/uploads\/2019\/04\/WhatsApp-Image-2019-04-08-at-17.42.44.jpeg 1040w\" sizes=\"(max-width: 1024px) 100vw, 1024px\" \/><\/figure><\/li><li class=\"blocks-gallery-item\"><figure><img loading=\"lazy\" decoding=\"async\" width=\"1024\" height=\"768\" src=\"https:\/\/www.colegiomanuelbulnes.cl\/wp-content\/uploads\/2019\/04\/WhatsApp-Image-2019-04-08-at-17.42.45-1024x768.jpeg\" alt=\"\" data-id=\"1176\" data-link=\"https:\/\/www.colegiomanuelbulnes.cl\/?attachment_id=1176\" class=\"wp-image-1176\" srcset=\"https:\/\/www.colegiomanuelbulnes.cl\/wp-content\/uploads\/2019\/04\/WhatsApp-Image-2019-04-08-at-17.42.45-1024x768.jpeg 1024w, https:\/\/www.colegiomanuelbulnes.cl\/wp-content\/uploads\/2019\/04\/WhatsApp-Image-2019-04-08-at-17.42.45-300x225.jpeg 300w, https:\/\/www.colegiomanuelbulnes.cl\/wp-content\/uploads\/2019\/04\/WhatsApp-Image-2019-04-08-at-17.42.45-768x576.jpeg 768w, https:\/\/www.colegiomanuelbulnes.cl\/wp-content\/uploads\/2019\/04\/WhatsApp-Image-2019-04-08-at-17.42.45.jpeg 1040w\" sizes=\"(max-width: 1024px) 100vw, 1024px\" \/><\/figure><\/li><li class=\"blocks-gallery-item\"><figure><img loading=\"lazy\" decoding=\"async\" width=\"1024\" height=\"768\" src=\"https:\/\/www.colegiomanuelbulnes.cl\/wp-content\/uploads\/2019\/04\/WhatsApp-Image-2019-04-08-at-17.43.20-1-1024x768.jpeg\" alt=\"\" data-id=\"1177\" data-link=\"https:\/\/www.colegiomanuelbulnes.cl\/?attachment_id=1177\" class=\"wp-image-1177\" srcset=\"https:\/\/www.colegiomanuelbulnes.cl\/wp-content\/uploads\/2019\/04\/WhatsApp-Image-2019-04-08-at-17.43.20-1-1024x768.jpeg 1024w, https:\/\/www.colegiomanuelbulnes.cl\/wp-content\/uploads\/2019\/04\/WhatsApp-Image-2019-04-08-at-17.43.20-1-300x225.jpeg 300w, https:\/\/www.colegiomanuelbulnes.cl\/wp-content\/uploads\/2019\/04\/WhatsApp-Image-2019-04-08-at-17.43.20-1-768x576.jpeg 768w, https:\/\/www.colegiomanuelbulnes.cl\/wp-content\/uploads\/2019\/04\/WhatsApp-Image-2019-04-08-at-17.43.20-1.jpeg 1040w\" sizes=\"(max-width: 1024px) 100vw, 1024px\" \/><\/figure><\/li><li class=\"blocks-gallery-item\"><figure><img loading=\"lazy\" decoding=\"async\" width=\"1024\" height=\"768\" src=\"https:\/\/www.colegiomanuelbulnes.cl\/wp-content\/uploads\/2019\/04\/WhatsApp-Image-2019-04-08-at-17.43.21-1024x768.jpeg\" alt=\"\" data-id=\"1178\" data-link=\"https:\/\/www.colegiomanuelbulnes.cl\/?attachment_id=1178\" class=\"wp-image-1178\" srcset=\"https:\/\/www.colegiomanuelbulnes.cl\/wp-content\/uploads\/2019\/04\/WhatsApp-Image-2019-04-08-at-17.43.21-1024x768.jpeg 1024w, https:\/\/www.colegiomanuelbulnes.cl\/wp-content\/uploads\/2019\/04\/WhatsApp-Image-2019-04-08-at-17.43.21-300x225.jpeg 300w, https:\/\/www.colegiomanuelbulnes.cl\/wp-content\/uploads\/2019\/04\/WhatsApp-Image-2019-04-08-at-17.43.21-768x576.jpeg 768w, https:\/\/www.colegiomanuelbulnes.cl\/wp-content\/uploads\/2019\/04\/WhatsApp-Image-2019-04-08-at-17.43.21.jpeg 1040w\" sizes=\"(max-width: 1024px) 100vw, 1024px\" \/><\/figure><\/li><li class=\"blocks-gallery-item\"><figure><img loading=\"lazy\" decoding=\"async\" width=\"1024\" height=\"576\" src=\"https:\/\/www.colegiomanuelbulnes.cl\/wp-content\/uploads\/2019\/04\/WhatsApp-Image-2019-04-08-at-18.40.28-1024x576.jpeg\" alt=\"\" data-id=\"1187\" data-link=\"https:\/\/www.colegiomanuelbulnes.cl\/?attachment_id=1187\" class=\"wp-image-1187\" srcset=\"https:\/\/www.colegiomanuelbulnes.cl\/wp-content\/uploads\/2019\/04\/WhatsApp-Image-2019-04-08-at-18.40.28-1024x576.jpeg 1024w, https:\/\/www.colegiomanuelbulnes.cl\/wp-content\/uploads\/2019\/04\/WhatsApp-Image-2019-04-08-at-18.40.28-300x169.jpeg 300w, https:\/\/www.colegiomanuelbulnes.cl\/wp-content\/uploads\/2019\/04\/WhatsApp-Image-2019-04-08-at-18.40.28-768x432.jpeg 768w, https:\/\/www.colegiomanuelbulnes.cl\/wp-content\/uploads\/2019\/04\/WhatsApp-Image-2019-04-08-at-18.40.28.jpeg 1040w\" sizes=\"(max-width: 1024px) 100vw, 1024px\" \/><\/figure><\/li><li class=\"blocks-gallery-item\"><figure><img loading=\"lazy\" decoding=\"async\" width=\"1024\" height=\"768\" src=\"https:\/\/www.colegiomanuelbulnes.cl\/wp-content\/uploads\/2019\/04\/WhatsApp-Image-2019-04-08-at-18.41.05-1024x768.jpeg\" alt=\"\" data-id=\"1188\" data-link=\"https:\/\/www.colegiomanuelbulnes.cl\/?attachment_id=1188\" class=\"wp-image-1188\" srcset=\"https:\/\/www.colegiomanuelbulnes.cl\/wp-content\/uploads\/2019\/04\/WhatsApp-Image-2019-04-08-at-18.41.05-1024x768.jpeg 1024w, https:\/\/www.colegiomanuelbulnes.cl\/wp-content\/uploads\/2019\/04\/WhatsApp-Image-2019-04-08-at-18.41.05-300x225.jpeg 300w, https:\/\/www.colegiomanuelbulnes.cl\/wp-content\/uploads\/2019\/04\/WhatsApp-Image-2019-04-08-at-18.41.05-768x576.jpeg 768w, https:\/\/www.colegiomanuelbulnes.cl\/wp-content\/uploads\/2019\/04\/WhatsApp-Image-2019-04-08-at-18.41.05.jpeg 1040w\" sizes=\"(max-width: 1024px) 100vw, 1024px\" \/><\/figure><\/li><\/ul>\n","protected":false},"excerpt":{"rendered":"<p>En el marco de la primera salida pedag\u00f3gica del a\u00f1o, el &nbsp;nivel de sexto a\u00f1o b\u00e1sico a, el pasado jueves 4 de abril, en la asignatura de Historia, Geograf\u00eda y Ciencias Sociales contempl\u00f3 dentro de su planificaci\u00f3n acad\u00e9mica 2019, una &nbsp;visita a la Escuela de Artiller\u00eda, de Linares; aquello dentro del contexto de la unidad [&hellip;]<\/p>\n","protected":false},"author":1,"featured_media":1179,"comment_status":"closed","ping_status":"open","sticky":false,"template":"","format":"standard","meta":{"footnotes":""},"categories":[3],"tags":[],"_links":{"self":[{"href":"https:\/\/www.colegiomanuelbulnes.cl\/index.php?rest_route=\/wp\/v2\/posts\/1169"}],"collection":[{"href":"https:\/\/www.colegiomanuelbulnes.cl\/index.php?rest_route=\/wp\/v2\/posts"}],"about":[{"href":"https:\/\/www.colegiomanuelbulnes.cl\/index.php?rest_route=\/wp\/v2\/types\/post"}],"author":[{"embeddable":true,"href":"https:\/\/www.colegiomanuelbulnes.cl\/index.php?rest_route=\/wp\/v2\/users\/1"}],"replies":[{"embeddable":true,"href":"https:\/\/www.colegiomanuelbulnes.cl\/index.php?rest_route=%2Fwp%2Fv2%2Fcomments&post=1169"}],"version-history":[{"count":2,"href":"https:\/\/www.colegiomanuelbulnes.cl\/index.php?rest_route=\/wp\/v2\/posts\/1169\/revisions"}],"predecessor-version":[{"id":1190,"href":"https:\/\/www.colegiomanuelbulnes.cl\/index.php?rest_route=\/wp\/v2\/posts\/1169\/revisions\/1190"}],"wp:featuredmedia":[{"embeddable":true,"href":"https:\/\/www.colegiomanuelbulnes.cl\/index.php?rest_route=\/wp\/v2\/media\/1179"}],"wp:attachment":[{"href":"https:\/\/www.colegiomanuelbulnes.cl\/index.php?rest_route=%2Fwp%2Fv2%2Fmedia&parent=1169"}],"wp:term":[{"taxonomy":"category","embeddable":true,"href":"https:\/\/www.colegiomanuelbulnes.cl\/index.php?rest_route=%2Fwp%2Fv2%2Fcategories&post=1169"},{"taxonomy":"post_tag","embeddable":true,"href":"https:\/\/www.colegiomanuelbulnes.cl\/index.php?rest_route=%2Fwp%2Fv2%2Ftags&post=1169"}],"curies":[{"name":"wp","href":"https:\/\/api.w.org\/{rel}","templated":true}]}}