{"id":1235,"date":"2019-04-26T13:42:38","date_gmt":"2019-04-26T17:42:38","guid":{"rendered":"http:\/\/www.colegiomanuelbulnes.cl\/?p=1235"},"modified":"2019-04-26T14:05:28","modified_gmt":"2019-04-26T18:05:28","slug":"colegio-manuel-bulnes-conmemora-el-dia-internacional-del-libro-23-de-abril","status":"publish","type":"post","link":"https:\/\/www.colegiomanuelbulnes.cl\/?p=1235","title":{"rendered":"COLEGIO MANUEL BULNES Conmemora el d\u00eda internacional del libro (23 de abril)"},"content":{"rendered":"\n<p>Durante la semana del 22 al\n26 de abril, el Colegio Manuel Bulnes de la ciudad Linares, realiz\u00f3 a trav\u00e9s de\nla organizaci\u00f3n de la biblioteca CRA a cargo de la coordinadora Patricia Guzm\u00e1n\ny la Encargada Sra Victoria Vega, diferentes actividades conmemorando el d\u00eda\ninternacional del libro y el derecho de autor.<\/p>\n\n\n\n<p> Durante la semana se realizaron concursos, actividades, apadrinamiento de alumnos entre otros, con el objetivo de fomentar la lectura y el inter\u00e9s de los alumnos por los libros y as\u00ed conseguir mejorar redacci\u00f3n, ortograf\u00eda y culturizarse en los diversos \u00e1mbitos que los libros contienen, actividades que los alumnos y apoderados recibieron con mucho entusiasmo y alegr\u00eda entre las cuales destacamos las siguientes:<\/p>\n\n\n\n<p><strong>8-12 abril concurso mi libro favorito: <\/strong>Alumnos entregaban una fotograf\u00eda con su libro favorito explicando el por qu\u00e9, lo era. <\/p>\n\n\n\n<figure class=\"wp-block-image\"><img loading=\"lazy\" decoding=\"async\" width=\"1024\" height=\"768\" src=\"https:\/\/www.colegiomanuelbulnes.cl\/wp-content\/uploads\/2019\/04\/concurso-1024x768.jpg\" alt=\"\" class=\"wp-image-1236\" srcset=\"https:\/\/www.colegiomanuelbulnes.cl\/wp-content\/uploads\/2019\/04\/concurso-1024x768.jpg 1024w, https:\/\/www.colegiomanuelbulnes.cl\/wp-content\/uploads\/2019\/04\/concurso-300x225.jpg 300w, https:\/\/www.colegiomanuelbulnes.cl\/wp-content\/uploads\/2019\/04\/concurso-768x576.jpg 768w, https:\/\/www.colegiomanuelbulnes.cl\/wp-content\/uploads\/2019\/04\/concurso.jpg 1350w\" sizes=\"(max-width: 1024px) 100vw, 1024px\" \/><\/figure>\n\n\n\n<p style=\"text-align:center\"><strong>GANADORES DE MI LIBRO FAVORITO<\/strong><\/p>\n\n\n\n<figure class=\"wp-block-image\"><img loading=\"lazy\" decoding=\"async\" width=\"712\" height=\"620\" src=\"https:\/\/www.colegiomanuelbulnes.cl\/wp-content\/uploads\/2019\/04\/ganadores-1.jpg\" alt=\"\" class=\"wp-image-1238\" srcset=\"https:\/\/www.colegiomanuelbulnes.cl\/wp-content\/uploads\/2019\/04\/ganadores-1.jpg 712w, https:\/\/www.colegiomanuelbulnes.cl\/wp-content\/uploads\/2019\/04\/ganadores-1-300x261.jpg 300w\" sizes=\"(max-width: 712px) 100vw, 712px\" \/><\/figure>\n\n\n\n<p><strong>8-12 abril concurso de afiche: <\/strong>Consisti\u00f3 en la creaci\u00f3n de afiches literario con un mensaje al libro\n\n\n\n<\/p>\n\n\n\n<figure class=\"wp-block-image\"><img loading=\"lazy\" decoding=\"async\" width=\"1024\" height=\"718\" src=\"https:\/\/www.colegiomanuelbulnes.cl\/wp-content\/uploads\/2019\/04\/afiches-1024x718.jpg\" alt=\"\" class=\"wp-image-1239\" srcset=\"https:\/\/www.colegiomanuelbulnes.cl\/wp-content\/uploads\/2019\/04\/afiches-1024x718.jpg 1024w, https:\/\/www.colegiomanuelbulnes.cl\/wp-content\/uploads\/2019\/04\/afiches-300x210.jpg 300w, https:\/\/www.colegiomanuelbulnes.cl\/wp-content\/uploads\/2019\/04\/afiches-768x539.jpg 768w, https:\/\/www.colegiomanuelbulnes.cl\/wp-content\/uploads\/2019\/04\/afiches-130x90.jpg 130w, https:\/\/www.colegiomanuelbulnes.cl\/wp-content\/uploads\/2019\/04\/afiches.jpg 1098w\" sizes=\"(max-width: 1024px) 100vw, 1024px\" \/><\/figure>\n\n\n\n<p><strong>18 abril entrega de libros viajeros: <\/strong>Actividad que los alumnos completar\u00e1n con su familia durante el a\u00f1o\n\n\n\n<\/p>\n\n\n\n<ul class=\"wp-block-gallery columns-2 is-cropped wp-block-gallery-1 is-layout-flex wp-block-gallery-is-layout-flex\"><li class=\"blocks-gallery-item\"><figure><img loading=\"lazy\" decoding=\"async\" width=\"649\" height=\"866\" src=\"https:\/\/www.colegiomanuelbulnes.cl\/wp-content\/uploads\/2019\/04\/lv1-1.jpg\" alt=\"\" data-id=\"1241\" data-link=\"https:\/\/www.colegiomanuelbulnes.cl\/?attachment_id=1241\" class=\"wp-image-1241\" srcset=\"https:\/\/www.colegiomanuelbulnes.cl\/wp-content\/uploads\/2019\/04\/lv1-1.jpg 649w, https:\/\/www.colegiomanuelbulnes.cl\/wp-content\/uploads\/2019\/04\/lv1-1-225x300.jpg 225w\" sizes=\"(max-width: 649px) 100vw, 649px\" \/><\/figure><\/li><li class=\"blocks-gallery-item\"><figure><img loading=\"lazy\" decoding=\"async\" width=\"650\" height=\"733\" src=\"https:\/\/www.colegiomanuelbulnes.cl\/wp-content\/uploads\/2019\/04\/lv2.jpg\" alt=\"\" data-id=\"1242\" data-link=\"https:\/\/www.colegiomanuelbulnes.cl\/?attachment_id=1242\" class=\"wp-image-1242\" srcset=\"https:\/\/www.colegiomanuelbulnes.cl\/wp-content\/uploads\/2019\/04\/lv2.jpg 650w, https:\/\/www.colegiomanuelbulnes.cl\/wp-content\/uploads\/2019\/04\/lv2-266x300.jpg 266w\" sizes=\"(max-width: 650px) 100vw, 650px\" \/><\/figure><\/li><\/ul>\n\n\n\n<p><strong>22-26 abril apadrinamiento lector:<\/strong> Actividad que consisti\u00f3 en que alumnos de segundo ciclo concurrieron a diferentes aulas del primer ciclo a leerles cuentos.<\/p>\n\n\n\n<ul class=\"wp-block-gallery columns-2 is-cropped wp-block-gallery-2 is-layout-flex wp-block-gallery-is-layout-flex\"><li class=\"blocks-gallery-item\"><figure><img loading=\"lazy\" decoding=\"async\" width=\"1024\" height=\"768\" src=\"https:\/\/www.colegiomanuelbulnes.cl\/wp-content\/uploads\/2019\/04\/apa1-1024x768.jpg\" alt=\"\" data-id=\"1243\" data-link=\"https:\/\/www.colegiomanuelbulnes.cl\/?attachment_id=1243\" class=\"wp-image-1243\" srcset=\"https:\/\/www.colegiomanuelbulnes.cl\/wp-content\/uploads\/2019\/04\/apa1-1024x768.jpg 1024w, https:\/\/www.colegiomanuelbulnes.cl\/wp-content\/uploads\/2019\/04\/apa1-300x225.jpg 300w, https:\/\/www.colegiomanuelbulnes.cl\/wp-content\/uploads\/2019\/04\/apa1-768x576.jpg 768w, https:\/\/www.colegiomanuelbulnes.cl\/wp-content\/uploads\/2019\/04\/apa1.jpg 1040w\" sizes=\"(max-width: 1024px) 100vw, 1024px\" \/><\/figure><\/li><li class=\"blocks-gallery-item\"><figure><img loading=\"lazy\" decoding=\"async\" width=\"1024\" height=\"702\" src=\"https:\/\/www.colegiomanuelbulnes.cl\/wp-content\/uploads\/2019\/04\/apa2-1024x702.jpg\" alt=\"\" data-id=\"1244\" data-link=\"https:\/\/www.colegiomanuelbulnes.cl\/?attachment_id=1244\" class=\"wp-image-1244\" srcset=\"https:\/\/www.colegiomanuelbulnes.cl\/wp-content\/uploads\/2019\/04\/apa2-1024x702.jpg 1024w, https:\/\/www.colegiomanuelbulnes.cl\/wp-content\/uploads\/2019\/04\/apa2-300x206.jpg 300w, https:\/\/www.colegiomanuelbulnes.cl\/wp-content\/uploads\/2019\/04\/apa2-768x527.jpg 768w, https:\/\/www.colegiomanuelbulnes.cl\/wp-content\/uploads\/2019\/04\/apa2-130x90.jpg 130w, https:\/\/www.colegiomanuelbulnes.cl\/wp-content\/uploads\/2019\/04\/apa2.jpg 1263w\" sizes=\"(max-width: 1024px) 100vw, 1024px\" \/><\/figure><\/li><\/ul>\n\n\n\n<p><strong>22-26 abril relaci\u00f3n de texto e imagen: <\/strong>actividad que se realiz\u00f3 en biblioteca CRA. (canap\u00e9 literario y concurso de adivinanzas)<\/p>\n\n\n\n<ul class=\"wp-block-gallery columns-2 is-cropped wp-block-gallery-3 is-layout-flex wp-block-gallery-is-layout-flex\"><li class=\"blocks-gallery-item\"><figure><img loading=\"lazy\" decoding=\"async\" width=\"649\" height=\"866\" src=\"https:\/\/www.colegiomanuelbulnes.cl\/wp-content\/uploads\/2019\/04\/come1.jpg\" alt=\"\" data-id=\"1245\" data-link=\"https:\/\/www.colegiomanuelbulnes.cl\/?attachment_id=1245\" class=\"wp-image-1245\" srcset=\"https:\/\/www.colegiomanuelbulnes.cl\/wp-content\/uploads\/2019\/04\/come1.jpg 649w, https:\/\/www.colegiomanuelbulnes.cl\/wp-content\/uploads\/2019\/04\/come1-225x300.jpg 225w\" sizes=\"(max-width: 649px) 100vw, 649px\" \/><\/figure><\/li><li class=\"blocks-gallery-item\"><figure><img loading=\"lazy\" decoding=\"async\" width=\"649\" height=\"866\" src=\"https:\/\/www.colegiomanuelbulnes.cl\/wp-content\/uploads\/2019\/04\/come2.jpg\" alt=\"\" data-id=\"1246\" data-link=\"https:\/\/www.colegiomanuelbulnes.cl\/?attachment_id=1246\" class=\"wp-image-1246\" srcset=\"https:\/\/www.colegiomanuelbulnes.cl\/wp-content\/uploads\/2019\/04\/come2.jpg 649w, https:\/\/www.colegiomanuelbulnes.cl\/wp-content\/uploads\/2019\/04\/come2-225x300.jpg 225w\" sizes=\"(max-width: 649px) 100vw, 649px\" \/><\/figure><\/li><\/ul>\n\n\n\n<p><strong>22-26 abril Bibliopatio:<\/strong> Actividad realizada en el patio para acercar la lectura a los alumnos por medio de un carro aleg\u00f3rico, que conten\u00eda libros que pod\u00edan tomar a elecci\u00f3n. <\/p>\n\n\n\n<ul class=\"wp-block-gallery columns-3 is-cropped wp-block-gallery-4 is-layout-flex wp-block-gallery-is-layout-flex\"><li class=\"blocks-gallery-item\"><figure><img loading=\"lazy\" decoding=\"async\" width=\"649\" height=\"866\" src=\"https:\/\/www.colegiomanuelbulnes.cl\/wp-content\/uploads\/2019\/04\/biblio1.jpg\" alt=\"\" data-id=\"1247\" data-link=\"https:\/\/www.colegiomanuelbulnes.cl\/?attachment_id=1247\" class=\"wp-image-1247\" srcset=\"https:\/\/www.colegiomanuelbulnes.cl\/wp-content\/uploads\/2019\/04\/biblio1.jpg 649w, https:\/\/www.colegiomanuelbulnes.cl\/wp-content\/uploads\/2019\/04\/biblio1-225x300.jpg 225w\" sizes=\"(max-width: 649px) 100vw, 649px\" \/><\/figure><\/li><li class=\"blocks-gallery-item\"><figure><img loading=\"lazy\" decoding=\"async\" width=\"649\" height=\"866\" src=\"https:\/\/www.colegiomanuelbulnes.cl\/wp-content\/uploads\/2019\/04\/biblio2.jpg\" alt=\"\" data-id=\"1248\" data-link=\"https:\/\/www.colegiomanuelbulnes.cl\/?attachment_id=1248\" class=\"wp-image-1248\" srcset=\"https:\/\/www.colegiomanuelbulnes.cl\/wp-content\/uploads\/2019\/04\/biblio2.jpg 649w, https:\/\/www.colegiomanuelbulnes.cl\/wp-content\/uploads\/2019\/04\/biblio2-225x300.jpg 225w\" sizes=\"(max-width: 649px) 100vw, 649px\" \/><\/figure><\/li><li class=\"blocks-gallery-item\"><figure><img loading=\"lazy\" decoding=\"async\" width=\"1024\" height=\"768\" src=\"https:\/\/www.colegiomanuelbulnes.cl\/wp-content\/uploads\/2019\/04\/biblio3-1024x768.jpg\" alt=\"\" data-id=\"1249\" data-link=\"https:\/\/www.colegiomanuelbulnes.cl\/?attachment_id=1249\" class=\"wp-image-1249\" srcset=\"https:\/\/www.colegiomanuelbulnes.cl\/wp-content\/uploads\/2019\/04\/biblio3-1024x768.jpg 1024w, https:\/\/www.colegiomanuelbulnes.cl\/wp-content\/uploads\/2019\/04\/biblio3-300x225.jpg 300w, https:\/\/www.colegiomanuelbulnes.cl\/wp-content\/uploads\/2019\/04\/biblio3-768x576.jpg 768w, https:\/\/www.colegiomanuelbulnes.cl\/wp-content\/uploads\/2019\/04\/biblio3.jpg 1350w\" sizes=\"(max-width: 1024px) 100vw, 1024px\" \/><\/figure><\/li><\/ul>\n\n\n\n<p><strong>24 abril Expres-Arte:<\/strong> actividad realizada en el patio donde los alumnos escrib\u00edan el libro que deseaban leer.<\/p>\n\n\n\n<ul class=\"wp-block-gallery columns-2 is-cropped wp-block-gallery-5 is-layout-flex wp-block-gallery-is-layout-flex\"><li class=\"blocks-gallery-item\"><figure><img loading=\"lazy\" decoding=\"async\" width=\"649\" height=\"866\" src=\"https:\/\/www.colegiomanuelbulnes.cl\/wp-content\/uploads\/2019\/04\/da1.jpg\" alt=\"\" data-id=\"1250\" data-link=\"https:\/\/www.colegiomanuelbulnes.cl\/?attachment_id=1250\" class=\"wp-image-1250\" srcset=\"https:\/\/www.colegiomanuelbulnes.cl\/wp-content\/uploads\/2019\/04\/da1.jpg 649w, https:\/\/www.colegiomanuelbulnes.cl\/wp-content\/uploads\/2019\/04\/da1-225x300.jpg 225w\" sizes=\"(max-width: 649px) 100vw, 649px\" \/><\/figure><\/li><li class=\"blocks-gallery-item\"><figure><img loading=\"lazy\" decoding=\"async\" width=\"649\" height=\"866\" src=\"https:\/\/www.colegiomanuelbulnes.cl\/wp-content\/uploads\/2019\/04\/da2.jpg\" alt=\"\" data-id=\"1251\" data-link=\"https:\/\/www.colegiomanuelbulnes.cl\/?attachment_id=1251\" class=\"wp-image-1251\" srcset=\"https:\/\/www.colegiomanuelbulnes.cl\/wp-content\/uploads\/2019\/04\/da2.jpg 649w, https:\/\/www.colegiomanuelbulnes.cl\/wp-content\/uploads\/2019\/04\/da2-225x300.jpg 225w\" sizes=\"(max-width: 649px) 100vw, 649px\" \/><\/figure><\/li><\/ul>\n\n\n\n<p><strong>24 abril votaci\u00f3n democr\u00e1tica del concurso de afiche en el pasillo del establecimiento<\/strong><\/p>\n\n\n\n<ul class=\"wp-block-gallery columns-2 is-cropped wp-block-gallery-6 is-layout-flex wp-block-gallery-is-layout-flex\"><li class=\"blocks-gallery-item\"><figure><img loading=\"lazy\" decoding=\"async\" width=\"452\" height=\"606\" src=\"https:\/\/www.colegiomanuelbulnes.cl\/wp-content\/uploads\/2019\/04\/v1.jpg\" alt=\"\" data-id=\"1252\" data-link=\"https:\/\/www.colegiomanuelbulnes.cl\/?attachment_id=1252\" class=\"wp-image-1252\" srcset=\"https:\/\/www.colegiomanuelbulnes.cl\/wp-content\/uploads\/2019\/04\/v1.jpg 452w, https:\/\/www.colegiomanuelbulnes.cl\/wp-content\/uploads\/2019\/04\/v1-224x300.jpg 224w\" sizes=\"(max-width: 452px) 100vw, 452px\" \/><\/figure><\/li><li class=\"blocks-gallery-item\"><figure><img loading=\"lazy\" decoding=\"async\" width=\"452\" height=\"606\" src=\"https:\/\/www.colegiomanuelbulnes.cl\/wp-content\/uploads\/2019\/04\/v2.jpg\" alt=\"\" data-id=\"1253\" data-link=\"https:\/\/www.colegiomanuelbulnes.cl\/?attachment_id=1253\" class=\"wp-image-1253\" srcset=\"https:\/\/www.colegiomanuelbulnes.cl\/wp-content\/uploads\/2019\/04\/v2.jpg 452w, https:\/\/www.colegiomanuelbulnes.cl\/wp-content\/uploads\/2019\/04\/v2-224x300.jpg 224w\" sizes=\"(max-width: 452px) 100vw, 452px\" \/><\/figure><\/li><\/ul>\n\n\n\n<ul class=\"wp-block-gallery columns-2 is-cropped wp-block-gallery-7 is-layout-flex wp-block-gallery-is-layout-flex\"><li class=\"blocks-gallery-item\"><figure><img loading=\"lazy\" decoding=\"async\" width=\"453\" height=\"607\" src=\"https:\/\/www.colegiomanuelbulnes.cl\/wp-content\/uploads\/2019\/04\/v3-2.jpg\" alt=\"\" data-id=\"1258\" data-link=\"https:\/\/www.colegiomanuelbulnes.cl\/?attachment_id=1258\" class=\"wp-image-1258\" srcset=\"https:\/\/www.colegiomanuelbulnes.cl\/wp-content\/uploads\/2019\/04\/v3-2.jpg 453w, https:\/\/www.colegiomanuelbulnes.cl\/wp-content\/uploads\/2019\/04\/v3-2-224x300.jpg 224w\" sizes=\"(max-width: 453px) 100vw, 453px\" \/><\/figure><\/li><li class=\"blocks-gallery-item\"><figure><img loading=\"lazy\" decoding=\"async\" width=\"454\" height=\"607\" src=\"https:\/\/www.colegiomanuelbulnes.cl\/wp-content\/uploads\/2019\/04\/v4-1.jpg\" alt=\"\" data-id=\"1259\" data-link=\"https:\/\/www.colegiomanuelbulnes.cl\/?attachment_id=1259\" class=\"wp-image-1259\" srcset=\"https:\/\/www.colegiomanuelbulnes.cl\/wp-content\/uploads\/2019\/04\/v4-1.jpg 454w, https:\/\/www.colegiomanuelbulnes.cl\/wp-content\/uploads\/2019\/04\/v4-1-224x300.jpg 224w\" sizes=\"(max-width: 454px) 100vw, 454px\" \/><\/figure><\/li><\/ul>\n\n\n\n<p><strong>Ganadores concurso afiches<\/strong><\/p>\n\n\n\n<figure class=\"wp-block-image\"><img loading=\"lazy\" decoding=\"async\" width=\"1024\" height=\"768\" src=\"https:\/\/www.colegiomanuelbulnes.cl\/wp-content\/uploads\/2019\/04\/ganadores-concurso-dsakjdsaod-1024x768.jpg\" alt=\"\" class=\"wp-image-1261\" srcset=\"https:\/\/www.colegiomanuelbulnes.cl\/wp-content\/uploads\/2019\/04\/ganadores-concurso-dsakjdsaod-1024x768.jpg 1024w, https:\/\/www.colegiomanuelbulnes.cl\/wp-content\/uploads\/2019\/04\/ganadores-concurso-dsakjdsaod-300x225.jpg 300w, https:\/\/www.colegiomanuelbulnes.cl\/wp-content\/uploads\/2019\/04\/ganadores-concurso-dsakjdsaod-768x576.jpg 768w, https:\/\/www.colegiomanuelbulnes.cl\/wp-content\/uploads\/2019\/04\/ganadores-concurso-dsakjdsaod.jpg 1350w\" sizes=\"(max-width: 1024px) 100vw, 1024px\" \/><\/figure>\n\n\n\n<p><strong>26 abril Feria del Libro:<\/strong> Actividad realizada en el pasillo interior del establecimiento en donde\nestar\u00e1n en venta diferentes textos donados por los alumnos y apoderados del\nColegio, para la posterior venta con aporte voluntario.\n\n\n\n<\/p>\n\n\n\n<ul class=\"wp-block-gallery columns-2 is-cropped wp-block-gallery-8 is-layout-flex wp-block-gallery-is-layout-flex\"><li class=\"blocks-gallery-item\"><figure><img loading=\"lazy\" decoding=\"async\" width=\"808\" height=\"606\" src=\"https:\/\/www.colegiomanuelbulnes.cl\/wp-content\/uploads\/2019\/04\/FL1.jpg\" alt=\"\" data-id=\"1262\" data-link=\"https:\/\/www.colegiomanuelbulnes.cl\/?attachment_id=1262\" class=\"wp-image-1262\" srcset=\"https:\/\/www.colegiomanuelbulnes.cl\/wp-content\/uploads\/2019\/04\/FL1.jpg 808w, https:\/\/www.colegiomanuelbulnes.cl\/wp-content\/uploads\/2019\/04\/FL1-300x225.jpg 300w, https:\/\/www.colegiomanuelbulnes.cl\/wp-content\/uploads\/2019\/04\/FL1-768x576.jpg 768w\" sizes=\"(max-width: 808px) 100vw, 808px\" \/><\/figure><\/li><li class=\"blocks-gallery-item\"><figure><img loading=\"lazy\" decoding=\"async\" width=\"808\" height=\"606\" src=\"https:\/\/www.colegiomanuelbulnes.cl\/wp-content\/uploads\/2019\/04\/FL3.jpg\" alt=\"\" data-id=\"1264\" data-link=\"https:\/\/www.colegiomanuelbulnes.cl\/?attachment_id=1264\" class=\"wp-image-1264\" srcset=\"https:\/\/www.colegiomanuelbulnes.cl\/wp-content\/uploads\/2019\/04\/FL3.jpg 808w, https:\/\/www.colegiomanuelbulnes.cl\/wp-content\/uploads\/2019\/04\/FL3-300x225.jpg 300w, https:\/\/www.colegiomanuelbulnes.cl\/wp-content\/uploads\/2019\/04\/FL3-768x576.jpg 768w\" sizes=\"(max-width: 808px) 100vw, 808px\" \/><\/figure><\/li><\/ul>\n","protected":false},"excerpt":{"rendered":"<p>Durante la semana del 22 al 26 de abril, el Colegio Manuel Bulnes de la ciudad Linares, realiz\u00f3 a trav\u00e9s de la organizaci\u00f3n de la biblioteca CRA a cargo de la coordinadora Patricia Guzm\u00e1n y la Encargada Sra Victoria Vega, diferentes actividades conmemorando el d\u00eda internacional del libro y el derecho de autor. Durante la [&hellip;]<\/p>\n","protected":false},"author":1,"featured_media":1263,"comment_status":"closed","ping_status":"open","sticky":false,"template":"","format":"standard","meta":{"footnotes":""},"categories":[3],"tags":[],"_links":{"self":[{"href":"https:\/\/www.colegiomanuelbulnes.cl\/index.php?rest_route=\/wp\/v2\/posts\/1235"}],"collection":[{"href":"https:\/\/www.colegiomanuelbulnes.cl\/index.php?rest_route=\/wp\/v2\/posts"}],"about":[{"href":"https:\/\/www.colegiomanuelbulnes.cl\/index.php?rest_route=\/wp\/v2\/types\/post"}],"author":[{"embeddable":true,"href":"https:\/\/www.colegiomanuelbulnes.cl\/index.php?rest_route=\/wp\/v2\/users\/1"}],"replies":[{"embeddable":true,"href":"https:\/\/www.colegiomanuelbulnes.cl\/index.php?rest_route=%2Fwp%2Fv2%2Fcomments&post=1235"}],"version-history":[{"count":2,"href":"https:\/\/www.colegiomanuelbulnes.cl\/index.php?rest_route=\/wp\/v2\/posts\/1235\/revisions"}],"predecessor-version":[{"id":1266,"href":"https:\/\/www.colegiomanuelbulnes.cl\/index.php?rest_route=\/wp\/v2\/posts\/1235\/revisions\/1266"}],"wp:featuredmedia":[{"embeddable":true,"href":"https:\/\/www.colegiomanuelbulnes.cl\/index.php?rest_route=\/wp\/v2\/media\/1263"}],"wp:attachment":[{"href":"https:\/\/www.colegiomanuelbulnes.cl\/index.php?rest_route=%2Fwp%2Fv2%2Fmedia&parent=1235"}],"wp:term":[{"taxonomy":"category","embeddable":true,"href":"https:\/\/www.colegiomanuelbulnes.cl\/index.php?rest_route=%2Fwp%2Fv2%2Fcategories&post=1235"},{"taxonomy":"post_tag","embeddable":true,"href":"https:\/\/www.colegiomanuelbulnes.cl\/index.php?rest_route=%2Fwp%2Fv2%2Ftags&post=1235"}],"curies":[{"name":"wp","href":"https:\/\/api.w.org\/{rel}","templated":true}]}}