{"id":1267,"date":"2019-04-30T11:36:46","date_gmt":"2019-04-30T15:36:46","guid":{"rendered":"http:\/\/www.colegiomanuelbulnes.cl\/?p=1267"},"modified":"2019-04-30T11:36:50","modified_gmt":"2019-04-30T15:36:50","slug":"colegio-manuel-bulnes-conmemora-el-dia-nacional-del-carabinero","status":"publish","type":"post","link":"https:\/\/www.colegiomanuelbulnes.cl\/?p=1267","title":{"rendered":"Colegio Manuel Bulnes conmemora el d\u00eda nacional del carabinero"},"content":{"rendered":"\n<p>Como es tradici\u00f3n, este lunes 29 de abril el Colegio Manuel Bulnes\ncelebr\u00f3 el D\u00eda del&nbsp;Carabinero, con motivo de cumplirse el 92 aniversario\n&nbsp;de la instituci\u00f3n creada el 27 de abril de 1927, bajo el gobierno facto\ndel coronel Carlos Ib\u00e1\u00f1ez del Campo, quien reuni\u00f3 las polic\u00edas fiscales y\ncomunales, de car\u00e1cter urbano, con el cuerpo de carabineros del ej\u00e9rcito, que\nactuaban como gendarmer\u00eda rural, dando origen a carabineros de Chile.<\/p>\n\n\n\n<p>En est\u00e1 ocasi\u00f3n el colegio Manuel Bulnes conmemor\u00f3 este d\u00eda con la\npresencia de dos carabineros, quienes fueron testigos del reconocimiento que\nhicieron los alumnos por la calidad de servicio que prestan para resguardar la\nseguridad e integridad de los ciudadanos de la comuna de Linares y el pa\u00eds.&nbsp; <\/p>\n\n\n\n<p>En esta ceremonia nuestro inspector general, Eduardo Retamal M\u00e9ndez\nse&nbsp;refiri\u00f3 a la noble y esforzada labor de la instituci\u00f3n y lo vital que\nes en el resguardo y protecci\u00f3n de&nbsp;nuestra seguridad, adem\u00e1s se\ndesarrollaron presentaciones art\u00edsticas y la entrega de un presente a los\nfuncionarios homenajeados por parte de nuestra directora la se\u00f1ora Marta M\u00e9ndez\nEspinoza.<\/p>\n\n\n\n<p>Las actividades culminaron con un pie de cueca realizado por\nalumnos del establecimiento.<\/p>\n\n\n\n<ul class=\"wp-block-gallery columns-3 is-cropped wp-block-gallery-1 is-layout-flex wp-block-gallery-is-layout-flex\"><li class=\"blocks-gallery-item\"><figure><img loading=\"lazy\" decoding=\"async\" width=\"1024\" height=\"768\" src=\"https:\/\/www.colegiomanuelbulnes.cl\/wp-content\/uploads\/2019\/04\/ESCENERIA-1024x768.jpg\" alt=\"\" data-id=\"1269\" data-link=\"https:\/\/www.colegiomanuelbulnes.cl\/?attachment_id=1269\" class=\"wp-image-1269\" srcset=\"https:\/\/www.colegiomanuelbulnes.cl\/wp-content\/uploads\/2019\/04\/ESCENERIA-1024x768.jpg 1024w, https:\/\/www.colegiomanuelbulnes.cl\/wp-content\/uploads\/2019\/04\/ESCENERIA-300x225.jpg 300w, https:\/\/www.colegiomanuelbulnes.cl\/wp-content\/uploads\/2019\/04\/ESCENERIA-768x576.jpg 768w\" sizes=\"(max-width: 1024px) 100vw, 1024px\" \/><\/figure><\/li><li class=\"blocks-gallery-item\"><figure><img loading=\"lazy\" decoding=\"async\" width=\"1024\" height=\"768\" src=\"https:\/\/www.colegiomanuelbulnes.cl\/wp-content\/uploads\/2019\/04\/IMG_20190429_103124-1024x768.jpg\" alt=\"\" data-id=\"1270\" data-link=\"https:\/\/www.colegiomanuelbulnes.cl\/?attachment_id=1270\" class=\"wp-image-1270\" srcset=\"https:\/\/www.colegiomanuelbulnes.cl\/wp-content\/uploads\/2019\/04\/IMG_20190429_103124-1024x768.jpg 1024w, https:\/\/www.colegiomanuelbulnes.cl\/wp-content\/uploads\/2019\/04\/IMG_20190429_103124-300x225.jpg 300w, https:\/\/www.colegiomanuelbulnes.cl\/wp-content\/uploads\/2019\/04\/IMG_20190429_103124-768x576.jpg 768w\" sizes=\"(max-width: 1024px) 100vw, 1024px\" \/><\/figure><\/li><li class=\"blocks-gallery-item\"><figure><img loading=\"lazy\" decoding=\"async\" width=\"1024\" height=\"512\" src=\"https:\/\/www.colegiomanuelbulnes.cl\/wp-content\/uploads\/2019\/04\/IMG_20190429_103607-1024x512.jpg\" alt=\"\" data-id=\"1271\" data-link=\"https:\/\/www.colegiomanuelbulnes.cl\/?attachment_id=1271\" class=\"wp-image-1271\" srcset=\"https:\/\/www.colegiomanuelbulnes.cl\/wp-content\/uploads\/2019\/04\/IMG_20190429_103607-1024x512.jpg 1024w, https:\/\/www.colegiomanuelbulnes.cl\/wp-content\/uploads\/2019\/04\/IMG_20190429_103607-300x150.jpg 300w, https:\/\/www.colegiomanuelbulnes.cl\/wp-content\/uploads\/2019\/04\/IMG_20190429_103607-768x384.jpg 768w\" sizes=\"(max-width: 1024px) 100vw, 1024px\" \/><\/figure><\/li><li class=\"blocks-gallery-item\"><figure><img loading=\"lazy\" decoding=\"async\" width=\"768\" height=\"1024\" src=\"https:\/\/www.colegiomanuelbulnes.cl\/wp-content\/uploads\/2019\/04\/IMG_20190429_104531-768x1024.jpg\" alt=\"\" data-id=\"1272\" data-link=\"https:\/\/www.colegiomanuelbulnes.cl\/?attachment_id=1272\" class=\"wp-image-1272\" srcset=\"https:\/\/www.colegiomanuelbulnes.cl\/wp-content\/uploads\/2019\/04\/IMG_20190429_104531-768x1024.jpg 768w, https:\/\/www.colegiomanuelbulnes.cl\/wp-content\/uploads\/2019\/04\/IMG_20190429_104531-225x300.jpg 225w\" sizes=\"(max-width: 768px) 100vw, 768px\" \/><\/figure><\/li><li class=\"blocks-gallery-item\"><figure><img loading=\"lazy\" decoding=\"async\" width=\"1024\" height=\"768\" src=\"https:\/\/www.colegiomanuelbulnes.cl\/wp-content\/uploads\/2019\/04\/NI\u00d1OS-1024x768.jpg\" alt=\"\" data-id=\"1273\" data-link=\"https:\/\/www.colegiomanuelbulnes.cl\/?attachment_id=1273\" class=\"wp-image-1273\" srcset=\"https:\/\/www.colegiomanuelbulnes.cl\/wp-content\/uploads\/2019\/04\/NI\u00d1OS-1024x768.jpg 1024w, https:\/\/www.colegiomanuelbulnes.cl\/wp-content\/uploads\/2019\/04\/NI\u00d1OS-300x225.jpg 300w, https:\/\/www.colegiomanuelbulnes.cl\/wp-content\/uploads\/2019\/04\/NI\u00d1OS-768x576.jpg 768w\" sizes=\"(max-width: 1024px) 100vw, 1024px\" \/><\/figure><\/li><li class=\"blocks-gallery-item\"><figure><img loading=\"lazy\" decoding=\"async\" width=\"1024\" height=\"920\" src=\"https:\/\/www.colegiomanuelbulnes.cl\/wp-content\/uploads\/2019\/04\/REGALO-ARREGLO-1-1024x920.jpg\" alt=\"\" data-id=\"1274\" data-link=\"https:\/\/www.colegiomanuelbulnes.cl\/?attachment_id=1274\" class=\"wp-image-1274\" srcset=\"https:\/\/www.colegiomanuelbulnes.cl\/wp-content\/uploads\/2019\/04\/REGALO-ARREGLO-1-1024x920.jpg 1024w, https:\/\/www.colegiomanuelbulnes.cl\/wp-content\/uploads\/2019\/04\/REGALO-ARREGLO-1-300x270.jpg 300w, https:\/\/www.colegiomanuelbulnes.cl\/wp-content\/uploads\/2019\/04\/REGALO-ARREGLO-1-768x690.jpg 768w\" sizes=\"(max-width: 1024px) 100vw, 1024px\" \/><\/figure><\/li><\/ul>\n","protected":false},"excerpt":{"rendered":"<p>Como es tradici\u00f3n, este lunes 29 de abril el Colegio Manuel Bulnes celebr\u00f3 el D\u00eda del&nbsp;Carabinero, con motivo de cumplirse el 92 aniversario &nbsp;de la instituci\u00f3n creada el 27 de abril de 1927, bajo el gobierno facto del coronel Carlos Ib\u00e1\u00f1ez del Campo, quien reuni\u00f3 las polic\u00edas fiscales y comunales, de car\u00e1cter urbano, con el [&hellip;]<\/p>\n","protected":false},"author":1,"featured_media":1273,"comment_status":"closed","ping_status":"open","sticky":false,"template":"","format":"standard","meta":{"footnotes":""},"categories":[3],"tags":[],"_links":{"self":[{"href":"https:\/\/www.colegiomanuelbulnes.cl\/index.php?rest_route=\/wp\/v2\/posts\/1267"}],"collection":[{"href":"https:\/\/www.colegiomanuelbulnes.cl\/index.php?rest_route=\/wp\/v2\/posts"}],"about":[{"href":"https:\/\/www.colegiomanuelbulnes.cl\/index.php?rest_route=\/wp\/v2\/types\/post"}],"author":[{"embeddable":true,"href":"https:\/\/www.colegiomanuelbulnes.cl\/index.php?rest_route=\/wp\/v2\/users\/1"}],"replies":[{"embeddable":true,"href":"https:\/\/www.colegiomanuelbulnes.cl\/index.php?rest_route=%2Fwp%2Fv2%2Fcomments&post=1267"}],"version-history":[{"count":1,"href":"https:\/\/www.colegiomanuelbulnes.cl\/index.php?rest_route=\/wp\/v2\/posts\/1267\/revisions"}],"predecessor-version":[{"id":1275,"href":"https:\/\/www.colegiomanuelbulnes.cl\/index.php?rest_route=\/wp\/v2\/posts\/1267\/revisions\/1275"}],"wp:featuredmedia":[{"embeddable":true,"href":"https:\/\/www.colegiomanuelbulnes.cl\/index.php?rest_route=\/wp\/v2\/media\/1273"}],"wp:attachment":[{"href":"https:\/\/www.colegiomanuelbulnes.cl\/index.php?rest_route=%2Fwp%2Fv2%2Fmedia&parent=1267"}],"wp:term":[{"taxonomy":"category","embeddable":true,"href":"https:\/\/www.colegiomanuelbulnes.cl\/index.php?rest_route=%2Fwp%2Fv2%2Fcategories&post=1267"},{"taxonomy":"post_tag","embeddable":true,"href":"https:\/\/www.colegiomanuelbulnes.cl\/index.php?rest_route=%2Fwp%2Fv2%2Ftags&post=1267"}],"curies":[{"name":"wp","href":"https:\/\/api.w.org\/{rel}","templated":true}]}}