{"id":1292,"date":"2019-05-13T11:05:14","date_gmt":"2019-05-13T15:05:14","guid":{"rendered":"http:\/\/www.colegiomanuelbulnes.cl\/?p=1292"},"modified":"2019-05-13T11:05:17","modified_gmt":"2019-05-13T15:05:17","slug":"colegio-manuel-bulnes-conmemora-el-dia-de-la-madre","status":"publish","type":"post","link":"https:\/\/www.colegiomanuelbulnes.cl\/?p=1292","title":{"rendered":"Colegio Manuel Bulnes conmemora el d\u00eda de la madre"},"content":{"rendered":"\n<p>Como es tradici\u00f3n el d\u00eda de la madre en Chile se celebra\ntodos los segundos domingos del mes de mayo, y es por eso que como\nestablecimiento educativo y formativo no hemos querido quedar ajenos a la conmemoraci\u00f3n\ndel d\u00eda de una de las persona m\u00e1s importante en la vida de toda persona. Es por\neso que \u00e9ste Jueves 9 de mayo, alumnos de la educaci\u00f3n Parvularia de nuestro\nColegio, celebraron y conmemoraron el d\u00eda de la madre en nuestro sal\u00f3n\nauditorio.<\/p>\n\n\n\n<p>Con mucho cari\u00f1o y alegr\u00eda nuestros alumnos recibieron a sus\nmamitas con una presentaci\u00f3n art\u00edsticas en donde recitaron un poema a la madre,\nluego bailaron y finalizaron cantando.<\/p>\n\n\n\n<p>Posterior a la actividad ni\u00f1os y mamitas se fueron tomados\nde la mano hasta la sala en donde ten\u00edan preparado un regalo para sus madres.<\/p>\n\n\n\n<ul class=\"wp-block-gallery columns-3 is-cropped wp-block-gallery-1 is-layout-flex wp-block-gallery-is-layout-flex\"><li class=\"blocks-gallery-item\"><figure><img loading=\"lazy\" decoding=\"async\" width=\"1024\" height=\"768\" src=\"https:\/\/www.colegiomanuelbulnes.cl\/wp-content\/uploads\/2019\/05\/59788287_1316625991819945_9216788487645167616_o-1024x768.jpg\" alt=\"\" data-id=\"1293\" data-link=\"https:\/\/www.colegiomanuelbulnes.cl\/?attachment_id=1293\" class=\"wp-image-1293\" srcset=\"https:\/\/www.colegiomanuelbulnes.cl\/wp-content\/uploads\/2019\/05\/59788287_1316625991819945_9216788487645167616_o-1024x768.jpg 1024w, https:\/\/www.colegiomanuelbulnes.cl\/wp-content\/uploads\/2019\/05\/59788287_1316625991819945_9216788487645167616_o-300x225.jpg 300w, https:\/\/www.colegiomanuelbulnes.cl\/wp-content\/uploads\/2019\/05\/59788287_1316625991819945_9216788487645167616_o-768x576.jpg 768w, https:\/\/www.colegiomanuelbulnes.cl\/wp-content\/uploads\/2019\/05\/59788287_1316625991819945_9216788487645167616_o.jpg 1728w\" sizes=\"(max-width: 1024px) 100vw, 1024px\" \/><\/figure><\/li><li class=\"blocks-gallery-item\"><figure><img loading=\"lazy\" decoding=\"async\" width=\"1024\" height=\"768\" src=\"https:\/\/www.colegiomanuelbulnes.cl\/wp-content\/uploads\/2019\/05\/59815024_1316624961820048_3372775261350133760_o-1024x768.jpg\" alt=\"\" data-id=\"1294\" data-link=\"https:\/\/www.colegiomanuelbulnes.cl\/?attachment_id=1294\" class=\"wp-image-1294\" srcset=\"https:\/\/www.colegiomanuelbulnes.cl\/wp-content\/uploads\/2019\/05\/59815024_1316624961820048_3372775261350133760_o-1024x768.jpg 1024w, https:\/\/www.colegiomanuelbulnes.cl\/wp-content\/uploads\/2019\/05\/59815024_1316624961820048_3372775261350133760_o-300x225.jpg 300w, https:\/\/www.colegiomanuelbulnes.cl\/wp-content\/uploads\/2019\/05\/59815024_1316624961820048_3372775261350133760_o-768x576.jpg 768w, https:\/\/www.colegiomanuelbulnes.cl\/wp-content\/uploads\/2019\/05\/59815024_1316624961820048_3372775261350133760_o.jpg 1728w\" sizes=\"(max-width: 1024px) 100vw, 1024px\" \/><\/figure><\/li><li class=\"blocks-gallery-item\"><figure><img loading=\"lazy\" decoding=\"async\" width=\"1024\" height=\"768\" src=\"https:\/\/www.colegiomanuelbulnes.cl\/wp-content\/uploads\/2019\/05\/59856637_1316625981819946_2618966345798123520_o-1024x768.jpg\" alt=\"\" data-id=\"1295\" data-link=\"https:\/\/www.colegiomanuelbulnes.cl\/?attachment_id=1295\" class=\"wp-image-1295\" srcset=\"https:\/\/www.colegiomanuelbulnes.cl\/wp-content\/uploads\/2019\/05\/59856637_1316625981819946_2618966345798123520_o-1024x768.jpg 1024w, https:\/\/www.colegiomanuelbulnes.cl\/wp-content\/uploads\/2019\/05\/59856637_1316625981819946_2618966345798123520_o-300x225.jpg 300w, https:\/\/www.colegiomanuelbulnes.cl\/wp-content\/uploads\/2019\/05\/59856637_1316625981819946_2618966345798123520_o-768x576.jpg 768w, https:\/\/www.colegiomanuelbulnes.cl\/wp-content\/uploads\/2019\/05\/59856637_1316625981819946_2618966345798123520_o.jpg 1728w\" sizes=\"(max-width: 1024px) 100vw, 1024px\" \/><\/figure><\/li><li class=\"blocks-gallery-item\"><figure><img loading=\"lazy\" decoding=\"async\" width=\"768\" height=\"1024\" src=\"https:\/\/www.colegiomanuelbulnes.cl\/wp-content\/uploads\/2019\/05\/59922889_1316626358486575_5552703968477446144_o-768x1024.jpg\" alt=\"\" data-id=\"1296\" data-link=\"https:\/\/www.colegiomanuelbulnes.cl\/?attachment_id=1296\" class=\"wp-image-1296\" srcset=\"https:\/\/www.colegiomanuelbulnes.cl\/wp-content\/uploads\/2019\/05\/59922889_1316626358486575_5552703968477446144_o-768x1024.jpg 768w, https:\/\/www.colegiomanuelbulnes.cl\/wp-content\/uploads\/2019\/05\/59922889_1316626358486575_5552703968477446144_o-225x300.jpg 225w, https:\/\/www.colegiomanuelbulnes.cl\/wp-content\/uploads\/2019\/05\/59922889_1316626358486575_5552703968477446144_o.jpg 1296w\" sizes=\"(max-width: 768px) 100vw, 768px\" \/><\/figure><\/li><li class=\"blocks-gallery-item\"><figure><img loading=\"lazy\" decoding=\"async\" width=\"1024\" height=\"768\" src=\"https:\/\/www.colegiomanuelbulnes.cl\/wp-content\/uploads\/2019\/05\/59999589_1316626005153277_5128815173380866048_o-1024x768.jpg\" alt=\"\" data-id=\"1297\" data-link=\"https:\/\/www.colegiomanuelbulnes.cl\/?attachment_id=1297\" class=\"wp-image-1297\" srcset=\"https:\/\/www.colegiomanuelbulnes.cl\/wp-content\/uploads\/2019\/05\/59999589_1316626005153277_5128815173380866048_o-1024x768.jpg 1024w, https:\/\/www.colegiomanuelbulnes.cl\/wp-content\/uploads\/2019\/05\/59999589_1316626005153277_5128815173380866048_o-300x225.jpg 300w, https:\/\/www.colegiomanuelbulnes.cl\/wp-content\/uploads\/2019\/05\/59999589_1316626005153277_5128815173380866048_o-768x576.jpg 768w, https:\/\/www.colegiomanuelbulnes.cl\/wp-content\/uploads\/2019\/05\/59999589_1316626005153277_5128815173380866048_o.jpg 1728w\" sizes=\"(max-width: 1024px) 100vw, 1024px\" \/><\/figure><\/li><li class=\"blocks-gallery-item\"><figure><img loading=\"lazy\" decoding=\"async\" width=\"768\" height=\"1024\" src=\"https:\/\/www.colegiomanuelbulnes.cl\/wp-content\/uploads\/2019\/05\/60166432_1316626191819925_7191941626418167808_o-768x1024.jpg\" alt=\"\" data-id=\"1298\" data-link=\"https:\/\/www.colegiomanuelbulnes.cl\/?attachment_id=1298\" class=\"wp-image-1298\" srcset=\"https:\/\/www.colegiomanuelbulnes.cl\/wp-content\/uploads\/2019\/05\/60166432_1316626191819925_7191941626418167808_o-768x1024.jpg 768w, https:\/\/www.colegiomanuelbulnes.cl\/wp-content\/uploads\/2019\/05\/60166432_1316626191819925_7191941626418167808_o-225x300.jpg 225w, https:\/\/www.colegiomanuelbulnes.cl\/wp-content\/uploads\/2019\/05\/60166432_1316626191819925_7191941626418167808_o.jpg 1296w\" sizes=\"(max-width: 768px) 100vw, 768px\" \/><\/figure><\/li><li class=\"blocks-gallery-item\"><figure><img loading=\"lazy\" decoding=\"async\" width=\"1024\" height=\"768\" src=\"https:\/\/www.colegiomanuelbulnes.cl\/wp-content\/uploads\/2019\/05\/60335208_1316626368486574_8335790407749206016_o-1024x768.jpg\" alt=\"\" data-id=\"1299\" data-link=\"https:\/\/www.colegiomanuelbulnes.cl\/?attachment_id=1299\" class=\"wp-image-1299\" srcset=\"https:\/\/www.colegiomanuelbulnes.cl\/wp-content\/uploads\/2019\/05\/60335208_1316626368486574_8335790407749206016_o-1024x768.jpg 1024w, https:\/\/www.colegiomanuelbulnes.cl\/wp-content\/uploads\/2019\/05\/60335208_1316626368486574_8335790407749206016_o-300x225.jpg 300w, https:\/\/www.colegiomanuelbulnes.cl\/wp-content\/uploads\/2019\/05\/60335208_1316626368486574_8335790407749206016_o-768x576.jpg 768w, https:\/\/www.colegiomanuelbulnes.cl\/wp-content\/uploads\/2019\/05\/60335208_1316626368486574_8335790407749206016_o.jpg 1728w\" sizes=\"(max-width: 1024px) 100vw, 1024px\" \/><\/figure><\/li><li class=\"blocks-gallery-item\"><figure><img loading=\"lazy\" decoding=\"async\" width=\"1024\" height=\"768\" src=\"https:\/\/www.colegiomanuelbulnes.cl\/wp-content\/uploads\/2019\/05\/60351438_1316626198486591_5267861501183524864_o-1024x768.jpg\" alt=\"\" data-id=\"1300\" data-link=\"https:\/\/www.colegiomanuelbulnes.cl\/?attachment_id=1300\" class=\"wp-image-1300\" srcset=\"https:\/\/www.colegiomanuelbulnes.cl\/wp-content\/uploads\/2019\/05\/60351438_1316626198486591_5267861501183524864_o-1024x768.jpg 1024w, https:\/\/www.colegiomanuelbulnes.cl\/wp-content\/uploads\/2019\/05\/60351438_1316626198486591_5267861501183524864_o-300x225.jpg 300w, https:\/\/www.colegiomanuelbulnes.cl\/wp-content\/uploads\/2019\/05\/60351438_1316626198486591_5267861501183524864_o-768x576.jpg 768w, https:\/\/www.colegiomanuelbulnes.cl\/wp-content\/uploads\/2019\/05\/60351438_1316626198486591_5267861501183524864_o.jpg 1728w\" sizes=\"(max-width: 1024px) 100vw, 1024px\" \/><\/figure><\/li><li class=\"blocks-gallery-item\"><figure><img loading=\"lazy\" decoding=\"async\" width=\"1024\" height=\"768\" src=\"https:\/\/www.colegiomanuelbulnes.cl\/wp-content\/uploads\/2019\/05\/60402099_1316626165153261_1463056312752406528_o-1024x768.jpg\" alt=\"\" data-id=\"1301\" data-link=\"https:\/\/www.colegiomanuelbulnes.cl\/?attachment_id=1301\" class=\"wp-image-1301\" srcset=\"https:\/\/www.colegiomanuelbulnes.cl\/wp-content\/uploads\/2019\/05\/60402099_1316626165153261_1463056312752406528_o-1024x768.jpg 1024w, https:\/\/www.colegiomanuelbulnes.cl\/wp-content\/uploads\/2019\/05\/60402099_1316626165153261_1463056312752406528_o-300x225.jpg 300w, https:\/\/www.colegiomanuelbulnes.cl\/wp-content\/uploads\/2019\/05\/60402099_1316626165153261_1463056312752406528_o-768x576.jpg 768w, https:\/\/www.colegiomanuelbulnes.cl\/wp-content\/uploads\/2019\/05\/60402099_1316626165153261_1463056312752406528_o.jpg 1728w\" sizes=\"(max-width: 1024px) 100vw, 1024px\" \/><\/figure><\/li><\/ul>\n","protected":false},"excerpt":{"rendered":"<p>Como es tradici\u00f3n el d\u00eda de la madre en Chile se celebra todos los segundos domingos del mes de mayo, y es por eso que como establecimiento educativo y formativo no hemos querido quedar ajenos a la conmemoraci\u00f3n del d\u00eda de una de las persona m\u00e1s importante en la vida de toda persona. Es por [&hellip;]<\/p>\n","protected":false},"author":1,"featured_media":1294,"comment_status":"closed","ping_status":"open","sticky":false,"template":"","format":"standard","meta":{"footnotes":""},"categories":[3],"tags":[],"_links":{"self":[{"href":"https:\/\/www.colegiomanuelbulnes.cl\/index.php?rest_route=\/wp\/v2\/posts\/1292"}],"collection":[{"href":"https:\/\/www.colegiomanuelbulnes.cl\/index.php?rest_route=\/wp\/v2\/posts"}],"about":[{"href":"https:\/\/www.colegiomanuelbulnes.cl\/index.php?rest_route=\/wp\/v2\/types\/post"}],"author":[{"embeddable":true,"href":"https:\/\/www.colegiomanuelbulnes.cl\/index.php?rest_route=\/wp\/v2\/users\/1"}],"replies":[{"embeddable":true,"href":"https:\/\/www.colegiomanuelbulnes.cl\/index.php?rest_route=%2Fwp%2Fv2%2Fcomments&post=1292"}],"version-history":[{"count":1,"href":"https:\/\/www.colegiomanuelbulnes.cl\/index.php?rest_route=\/wp\/v2\/posts\/1292\/revisions"}],"predecessor-version":[{"id":1302,"href":"https:\/\/www.colegiomanuelbulnes.cl\/index.php?rest_route=\/wp\/v2\/posts\/1292\/revisions\/1302"}],"wp:featuredmedia":[{"embeddable":true,"href":"https:\/\/www.colegiomanuelbulnes.cl\/index.php?rest_route=\/wp\/v2\/media\/1294"}],"wp:attachment":[{"href":"https:\/\/www.colegiomanuelbulnes.cl\/index.php?rest_route=%2Fwp%2Fv2%2Fmedia&parent=1292"}],"wp:term":[{"taxonomy":"category","embeddable":true,"href":"https:\/\/www.colegiomanuelbulnes.cl\/index.php?rest_route=%2Fwp%2Fv2%2Fcategories&post=1292"},{"taxonomy":"post_tag","embeddable":true,"href":"https:\/\/www.colegiomanuelbulnes.cl\/index.php?rest_route=%2Fwp%2Fv2%2Ftags&post=1292"}],"curies":[{"name":"wp","href":"https:\/\/api.w.org\/{rel}","templated":true}]}}