{"id":1355,"date":"2019-05-29T13:19:35","date_gmt":"2019-05-29T17:19:35","guid":{"rendered":"http:\/\/www.colegiomanuelbulnes.cl\/?p=1355"},"modified":"2019-05-29T13:19:38","modified_gmt":"2019-05-29T17:19:38","slug":"alumnos-del-colegio-manuel-bulnes-reciben-capacitacion-sobre-seguridad-vial","status":"publish","type":"post","link":"https:\/\/www.colegiomanuelbulnes.cl\/?p=1355","title":{"rendered":"Alumnos del Colegio Manuel Bulnes reciben capacitaci\u00f3n sobre seguridad vial"},"content":{"rendered":"\n<p>\nEl martes 28 de mayo, se desarroll\u00f3 en el sal\u00f3n auditorio del Colegio \nManuel Bulnes una jornada de capacitaci\u00f3n basada en \u201cTr\u00e1nsito Vial\u201d con \nla presencia de alumnos de Tercero y Cuarto a\u00f1o B\u00e1sico de la jornada de \nla ma\u00f1ana, en esta ocasi\u00f3n los encargados de impartir conocimiento \nfueron carabineros de la oficina de Integraci\u00f3n Comunitaria de la 1\u00b0 \nComisar\u00eda de Linares, encabezado por el suboficial Mayor Jos\u00e9 Norambuena\n Almuna  y el suboficial Cristian Manrriquez Astudillo, el objetivo de \nesta actividad es potenciar y reforzar los conocimientos   en tr\u00e1nsito \nvial, se\u00f1alizaci\u00f3n y autocuidado Vial. En la ocasi\u00f3n los alumnos(as) \nparticiparon activamente contando experiencias y haciendo preguntas. <br>\n Mientras m\u00e1s peque\u00f1os aprendan sobre estos temas, tendremos mejores \nciudadanos  que nos permitan convivir armoniosamente,  evitando \naccidentes y p\u00e9rdidas humanas.\n\n<\/p>\n\n\n\n<ul class=\"wp-block-gallery columns-1 is-cropped wp-block-gallery-1 is-layout-flex wp-block-gallery-is-layout-flex\"><li class=\"blocks-gallery-item\"><figure><img loading=\"lazy\" decoding=\"async\" width=\"1024\" height=\"768\" src=\"https:\/\/www.colegiomanuelbulnes.cl\/wp-content\/uploads\/2019\/05\/IMG_20190528_103035-1024x768.jpg\" alt=\"\" data-id=\"1356\" data-link=\"https:\/\/www.colegiomanuelbulnes.cl\/?attachment_id=1356\" class=\"wp-image-1356\" srcset=\"https:\/\/www.colegiomanuelbulnes.cl\/wp-content\/uploads\/2019\/05\/IMG_20190528_103035-1024x768.jpg 1024w, https:\/\/www.colegiomanuelbulnes.cl\/wp-content\/uploads\/2019\/05\/IMG_20190528_103035-300x225.jpg 300w, https:\/\/www.colegiomanuelbulnes.cl\/wp-content\/uploads\/2019\/05\/IMG_20190528_103035-768x576.jpg 768w\" sizes=\"(max-width: 1024px) 100vw, 1024px\" \/><\/figure><\/li><li class=\"blocks-gallery-item\"><figure><img loading=\"lazy\" decoding=\"async\" width=\"1024\" height=\"917\" src=\"https:\/\/www.colegiomanuelbulnes.cl\/wp-content\/uploads\/2019\/05\/IMG_20190528_103059-1024x917.jpg\" alt=\"\" data-id=\"1357\" data-link=\"https:\/\/www.colegiomanuelbulnes.cl\/?attachment_id=1357\" class=\"wp-image-1357\" srcset=\"https:\/\/www.colegiomanuelbulnes.cl\/wp-content\/uploads\/2019\/05\/IMG_20190528_103059-1024x917.jpg 1024w, https:\/\/www.colegiomanuelbulnes.cl\/wp-content\/uploads\/2019\/05\/IMG_20190528_103059-300x269.jpg 300w, https:\/\/www.colegiomanuelbulnes.cl\/wp-content\/uploads\/2019\/05\/IMG_20190528_103059-768x688.jpg 768w\" sizes=\"(max-width: 1024px) 100vw, 1024px\" \/><\/figure><\/li><li class=\"blocks-gallery-item\"><figure><img loading=\"lazy\" decoding=\"async\" width=\"1024\" height=\"768\" src=\"https:\/\/www.colegiomanuelbulnes.cl\/wp-content\/uploads\/2019\/05\/IMG_20190528_103237-1024x768.jpg\" alt=\"\" data-id=\"1358\" data-link=\"https:\/\/www.colegiomanuelbulnes.cl\/?attachment_id=1358\" class=\"wp-image-1358\" srcset=\"https:\/\/www.colegiomanuelbulnes.cl\/wp-content\/uploads\/2019\/05\/IMG_20190528_103237-1024x768.jpg 1024w, https:\/\/www.colegiomanuelbulnes.cl\/wp-content\/uploads\/2019\/05\/IMG_20190528_103237-300x225.jpg 300w, https:\/\/www.colegiomanuelbulnes.cl\/wp-content\/uploads\/2019\/05\/IMG_20190528_103237-768x576.jpg 768w\" sizes=\"(max-width: 1024px) 100vw, 1024px\" \/><\/figure><\/li><li class=\"blocks-gallery-item\"><figure><img loading=\"lazy\" decoding=\"async\" width=\"1024\" height=\"768\" src=\"https:\/\/www.colegiomanuelbulnes.cl\/wp-content\/uploads\/2019\/05\/IMG_20190528_103450-1024x768.jpg\" alt=\"\" data-id=\"1359\" data-link=\"https:\/\/www.colegiomanuelbulnes.cl\/?attachment_id=1359\" class=\"wp-image-1359\" srcset=\"https:\/\/www.colegiomanuelbulnes.cl\/wp-content\/uploads\/2019\/05\/IMG_20190528_103450-1024x768.jpg 1024w, https:\/\/www.colegiomanuelbulnes.cl\/wp-content\/uploads\/2019\/05\/IMG_20190528_103450-300x225.jpg 300w, https:\/\/www.colegiomanuelbulnes.cl\/wp-content\/uploads\/2019\/05\/IMG_20190528_103450-768x576.jpg 768w\" sizes=\"(max-width: 1024px) 100vw, 1024px\" \/><\/figure><\/li><li class=\"blocks-gallery-item\"><figure><img loading=\"lazy\" decoding=\"async\" width=\"1024\" height=\"768\" src=\"https:\/\/www.colegiomanuelbulnes.cl\/wp-content\/uploads\/2019\/05\/IMG_20190528_103634-1024x768.jpg\" alt=\"\" data-id=\"1360\" data-link=\"https:\/\/www.colegiomanuelbulnes.cl\/?attachment_id=1360\" class=\"wp-image-1360\" srcset=\"https:\/\/www.colegiomanuelbulnes.cl\/wp-content\/uploads\/2019\/05\/IMG_20190528_103634-1024x768.jpg 1024w, https:\/\/www.colegiomanuelbulnes.cl\/wp-content\/uploads\/2019\/05\/IMG_20190528_103634-300x225.jpg 300w, https:\/\/www.colegiomanuelbulnes.cl\/wp-content\/uploads\/2019\/05\/IMG_20190528_103634-768x576.jpg 768w\" sizes=\"(max-width: 1024px) 100vw, 1024px\" \/><\/figure><\/li><li class=\"blocks-gallery-item\"><figure><img loading=\"lazy\" decoding=\"async\" width=\"1024\" height=\"768\" src=\"https:\/\/www.colegiomanuelbulnes.cl\/wp-content\/uploads\/2019\/05\/IMG_20190528_104356-1024x768.jpg\" alt=\"\" data-id=\"1361\" data-link=\"https:\/\/www.colegiomanuelbulnes.cl\/?attachment_id=1361\" class=\"wp-image-1361\" srcset=\"https:\/\/www.colegiomanuelbulnes.cl\/wp-content\/uploads\/2019\/05\/IMG_20190528_104356-1024x768.jpg 1024w, https:\/\/www.colegiomanuelbulnes.cl\/wp-content\/uploads\/2019\/05\/IMG_20190528_104356-300x225.jpg 300w, https:\/\/www.colegiomanuelbulnes.cl\/wp-content\/uploads\/2019\/05\/IMG_20190528_104356-768x576.jpg 768w\" sizes=\"(max-width: 1024px) 100vw, 1024px\" \/><\/figure><\/li><li class=\"blocks-gallery-item\"><figure><img loading=\"lazy\" decoding=\"async\" width=\"1024\" height=\"768\" src=\"https:\/\/www.colegiomanuelbulnes.cl\/wp-content\/uploads\/2019\/05\/IMG_20190528_105554-1024x768.jpg\" alt=\"\" data-id=\"1362\" data-link=\"https:\/\/www.colegiomanuelbulnes.cl\/?attachment_id=1362\" class=\"wp-image-1362\" srcset=\"https:\/\/www.colegiomanuelbulnes.cl\/wp-content\/uploads\/2019\/05\/IMG_20190528_105554-1024x768.jpg 1024w, https:\/\/www.colegiomanuelbulnes.cl\/wp-content\/uploads\/2019\/05\/IMG_20190528_105554-300x225.jpg 300w, https:\/\/www.colegiomanuelbulnes.cl\/wp-content\/uploads\/2019\/05\/IMG_20190528_105554-768x576.jpg 768w\" sizes=\"(max-width: 1024px) 100vw, 1024px\" \/><\/figure><\/li><\/ul>\n","protected":false},"excerpt":{"rendered":"<p>El martes 28 de mayo, se desarroll\u00f3 en el sal\u00f3n auditorio del Colegio Manuel Bulnes una jornada de capacitaci\u00f3n basada en \u201cTr\u00e1nsito Vial\u201d con la presencia de alumnos de Tercero y Cuarto a\u00f1o B\u00e1sico de la jornada de la ma\u00f1ana, en esta ocasi\u00f3n los encargados de impartir conocimiento fueron carabineros de la oficina de Integraci\u00f3n [&hellip;]<\/p>\n","protected":false},"author":1,"featured_media":1362,"comment_status":"closed","ping_status":"open","sticky":false,"template":"","format":"standard","meta":{"footnotes":""},"categories":[3],"tags":[],"_links":{"self":[{"href":"https:\/\/www.colegiomanuelbulnes.cl\/index.php?rest_route=\/wp\/v2\/posts\/1355"}],"collection":[{"href":"https:\/\/www.colegiomanuelbulnes.cl\/index.php?rest_route=\/wp\/v2\/posts"}],"about":[{"href":"https:\/\/www.colegiomanuelbulnes.cl\/index.php?rest_route=\/wp\/v2\/types\/post"}],"author":[{"embeddable":true,"href":"https:\/\/www.colegiomanuelbulnes.cl\/index.php?rest_route=\/wp\/v2\/users\/1"}],"replies":[{"embeddable":true,"href":"https:\/\/www.colegiomanuelbulnes.cl\/index.php?rest_route=%2Fwp%2Fv2%2Fcomments&post=1355"}],"version-history":[{"count":1,"href":"https:\/\/www.colegiomanuelbulnes.cl\/index.php?rest_route=\/wp\/v2\/posts\/1355\/revisions"}],"predecessor-version":[{"id":1363,"href":"https:\/\/www.colegiomanuelbulnes.cl\/index.php?rest_route=\/wp\/v2\/posts\/1355\/revisions\/1363"}],"wp:featuredmedia":[{"embeddable":true,"href":"https:\/\/www.colegiomanuelbulnes.cl\/index.php?rest_route=\/wp\/v2\/media\/1362"}],"wp:attachment":[{"href":"https:\/\/www.colegiomanuelbulnes.cl\/index.php?rest_route=%2Fwp%2Fv2%2Fmedia&parent=1355"}],"wp:term":[{"taxonomy":"category","embeddable":true,"href":"https:\/\/www.colegiomanuelbulnes.cl\/index.php?rest_route=%2Fwp%2Fv2%2Fcategories&post=1355"},{"taxonomy":"post_tag","embeddable":true,"href":"https:\/\/www.colegiomanuelbulnes.cl\/index.php?rest_route=%2Fwp%2Fv2%2Ftags&post=1355"}],"curies":[{"name":"wp","href":"https:\/\/api.w.org\/{rel}","templated":true}]}}