{"id":1617,"date":"2019-10-14T17:05:43","date_gmt":"2019-10-14T21:05:43","guid":{"rendered":"http:\/\/www.colegiomanuelbulnes.cl\/?p=1617"},"modified":"2019-10-14T17:05:46","modified_gmt":"2019-10-14T21:05:46","slug":"%f0%9f%93%8csalida-pedagogica-valparaiso-vina-del-mar","status":"publish","type":"post","link":"https:\/\/www.colegiomanuelbulnes.cl\/?p=1617","title":{"rendered":"\ud83d\udcccSALIDA PEDAG\u00d3GICA VALPARAISO-VI\u00d1A DEL MAR"},"content":{"rendered":"\n<p>Estudiantes de sexto a\u00f1o A y B realizan significativa salida pedag\u00f3gica el pasado jueves 3 de octubre, coordinada por la profesora Elizabeth Romero, actividad contemplada dentro de la planificaci\u00f3n anual de la asignatura de Historia, Geograf\u00eda y Ciencias sociales, y tambi\u00e9n como parte del proyecto de mejoramiento educativo del establecimiento.<\/p>\n\n\n\n<p>La actividad cont\u00f3 asimismo con la asistencia del profesor jefe de sexto a\u00f1o A , Pedro Bravo, Inspector Waldo Lillo, padres y apoderados de la directiva de cada curso, quienes acompa\u00f1aron esta importante delegaci\u00f3n compuesta por 49 estudiantes, dentro del marco de la promoci\u00f3n de la colaboraci\u00f3n y sana convivencia.<\/p>\n\n\n\n<p>Este viaje contempl\u00f3 en su primera etapa, la visita a las dependencias del Congreso Nacional, donde los alumnos recorrieron las distintas salas donde sesionan Senadores y Diputados, pudiendo presenciar una discusi\u00f3n parlamentaria, todo ello dentro objetivo de aprendizaje que busca promover en los estudiantes el conocimiento del trabajo que se desarrolla en el poder legislativo, adquiriendo de este modo, las competencias necesarias para formar a los futuros ciudadanos que valoran la tradici\u00f3n democr\u00e1tica y sus distintas instituciones.<\/p>\n\n\n\n<p>La actividad fue muy bien apreciada por todos los estudiantes, pues tambi\u00e9n incluy\u00f3 la visita al tur\u00edstico reloj de flores de vi\u00f1a del mar, la experiencia de subir en los antiguos ascensores del cerro artiller\u00eda, concluyendo esta ruta con un recorrido guiado por el Museo Mar\u00edtimo Nacional.<\/p>\n\n\n\n<ul class=\"wp-block-gallery columns-2 is-cropped wp-block-gallery-1 is-layout-flex wp-block-gallery-is-layout-flex\"><li class=\"blocks-gallery-item\"><figure><img loading=\"lazy\" decoding=\"async\" width=\"1024\" height=\"768\" src=\"https:\/\/www.colegiomanuelbulnes.cl\/wp-content\/uploads\/2019\/10\/WhatsApp-Image-2019-10-14-at-17.39.21-1024x768.jpeg\" alt=\"\" data-id=\"1618\" data-link=\"https:\/\/www.colegiomanuelbulnes.cl\/?attachment_id=1618\" class=\"wp-image-1618\" srcset=\"https:\/\/www.colegiomanuelbulnes.cl\/wp-content\/uploads\/2019\/10\/WhatsApp-Image-2019-10-14-at-17.39.21-1024x768.jpeg 1024w, https:\/\/www.colegiomanuelbulnes.cl\/wp-content\/uploads\/2019\/10\/WhatsApp-Image-2019-10-14-at-17.39.21-300x225.jpeg 300w, https:\/\/www.colegiomanuelbulnes.cl\/wp-content\/uploads\/2019\/10\/WhatsApp-Image-2019-10-14-at-17.39.21-768x576.jpeg 768w, https:\/\/www.colegiomanuelbulnes.cl\/wp-content\/uploads\/2019\/10\/WhatsApp-Image-2019-10-14-at-17.39.21.jpeg 1040w\" sizes=\"(max-width: 1024px) 100vw, 1024px\" \/><\/figure><\/li><li class=\"blocks-gallery-item\"><figure><img loading=\"lazy\" decoding=\"async\" width=\"768\" height=\"1024\" src=\"https:\/\/www.colegiomanuelbulnes.cl\/wp-content\/uploads\/2019\/10\/WhatsApp-Image-2019-10-14-at-17.39.55-768x1024.jpeg\" alt=\"\" data-id=\"1619\" data-link=\"https:\/\/www.colegiomanuelbulnes.cl\/?attachment_id=1619\" class=\"wp-image-1619\" srcset=\"https:\/\/www.colegiomanuelbulnes.cl\/wp-content\/uploads\/2019\/10\/WhatsApp-Image-2019-10-14-at-17.39.55-768x1024.jpeg 768w, https:\/\/www.colegiomanuelbulnes.cl\/wp-content\/uploads\/2019\/10\/WhatsApp-Image-2019-10-14-at-17.39.55-225x300.jpeg 225w, https:\/\/www.colegiomanuelbulnes.cl\/wp-content\/uploads\/2019\/10\/WhatsApp-Image-2019-10-14-at-17.39.55.jpeg 780w\" sizes=\"(max-width: 768px) 100vw, 768px\" \/><\/figure><\/li><li class=\"blocks-gallery-item\"><figure><img loading=\"lazy\" decoding=\"async\" width=\"1024\" height=\"768\" src=\"https:\/\/www.colegiomanuelbulnes.cl\/wp-content\/uploads\/2019\/10\/WhatsApp-Image-2019-10-14-at-17.39.56-1024x768.jpeg\" alt=\"\" data-id=\"1620\" data-link=\"https:\/\/www.colegiomanuelbulnes.cl\/?attachment_id=1620\" class=\"wp-image-1620\" srcset=\"https:\/\/www.colegiomanuelbulnes.cl\/wp-content\/uploads\/2019\/10\/WhatsApp-Image-2019-10-14-at-17.39.56-1024x768.jpeg 1024w, https:\/\/www.colegiomanuelbulnes.cl\/wp-content\/uploads\/2019\/10\/WhatsApp-Image-2019-10-14-at-17.39.56-300x225.jpeg 300w, https:\/\/www.colegiomanuelbulnes.cl\/wp-content\/uploads\/2019\/10\/WhatsApp-Image-2019-10-14-at-17.39.56-768x576.jpeg 768w, https:\/\/www.colegiomanuelbulnes.cl\/wp-content\/uploads\/2019\/10\/WhatsApp-Image-2019-10-14-at-17.39.56.jpeg 1040w\" sizes=\"(max-width: 1024px) 100vw, 1024px\" \/><\/figure><\/li><li class=\"blocks-gallery-item\"><figure><img loading=\"lazy\" decoding=\"async\" width=\"1024\" height=\"768\" src=\"https:\/\/www.colegiomanuelbulnes.cl\/wp-content\/uploads\/2019\/10\/WhatsApp-Image-2019-10-14-at-17.40.12-1024x768.jpeg\" alt=\"\" data-id=\"1621\" data-link=\"https:\/\/www.colegiomanuelbulnes.cl\/?attachment_id=1621\" class=\"wp-image-1621\" srcset=\"https:\/\/www.colegiomanuelbulnes.cl\/wp-content\/uploads\/2019\/10\/WhatsApp-Image-2019-10-14-at-17.40.12-1024x768.jpeg 1024w, https:\/\/www.colegiomanuelbulnes.cl\/wp-content\/uploads\/2019\/10\/WhatsApp-Image-2019-10-14-at-17.40.12-300x225.jpeg 300w, https:\/\/www.colegiomanuelbulnes.cl\/wp-content\/uploads\/2019\/10\/WhatsApp-Image-2019-10-14-at-17.40.12-768x576.jpeg 768w, https:\/\/www.colegiomanuelbulnes.cl\/wp-content\/uploads\/2019\/10\/WhatsApp-Image-2019-10-14-at-17.40.12.jpeg 1040w\" sizes=\"(max-width: 1024px) 100vw, 1024px\" \/><\/figure><\/li><li class=\"blocks-gallery-item\"><figure><img loading=\"lazy\" decoding=\"async\" width=\"1024\" height=\"768\" src=\"https:\/\/www.colegiomanuelbulnes.cl\/wp-content\/uploads\/2019\/10\/WhatsApp-Image-2019-10-14-at-17.42.58-1024x768.jpeg\" alt=\"\" data-id=\"1622\" data-link=\"https:\/\/www.colegiomanuelbulnes.cl\/?attachment_id=1622\" class=\"wp-image-1622\" srcset=\"https:\/\/www.colegiomanuelbulnes.cl\/wp-content\/uploads\/2019\/10\/WhatsApp-Image-2019-10-14-at-17.42.58-1024x768.jpeg 1024w, https:\/\/www.colegiomanuelbulnes.cl\/wp-content\/uploads\/2019\/10\/WhatsApp-Image-2019-10-14-at-17.42.58-300x225.jpeg 300w, https:\/\/www.colegiomanuelbulnes.cl\/wp-content\/uploads\/2019\/10\/WhatsApp-Image-2019-10-14-at-17.42.58-768x576.jpeg 768w, https:\/\/www.colegiomanuelbulnes.cl\/wp-content\/uploads\/2019\/10\/WhatsApp-Image-2019-10-14-at-17.42.58.jpeg 1280w\" sizes=\"(max-width: 1024px) 100vw, 1024px\" \/><\/figure><\/li><li class=\"blocks-gallery-item\"><figure><img loading=\"lazy\" decoding=\"async\" width=\"768\" height=\"1024\" src=\"https:\/\/www.colegiomanuelbulnes.cl\/wp-content\/uploads\/2019\/10\/WhatsApp-Image-2019-10-14-at-17.42.59-1-768x1024.jpeg\" alt=\"\" data-id=\"1623\" data-link=\"https:\/\/www.colegiomanuelbulnes.cl\/?attachment_id=1623\" class=\"wp-image-1623\" srcset=\"https:\/\/www.colegiomanuelbulnes.cl\/wp-content\/uploads\/2019\/10\/WhatsApp-Image-2019-10-14-at-17.42.59-1-768x1024.jpeg 768w, https:\/\/www.colegiomanuelbulnes.cl\/wp-content\/uploads\/2019\/10\/WhatsApp-Image-2019-10-14-at-17.42.59-1-225x300.jpeg 225w, https:\/\/www.colegiomanuelbulnes.cl\/wp-content\/uploads\/2019\/10\/WhatsApp-Image-2019-10-14-at-17.42.59-1.jpeg 960w\" sizes=\"(max-width: 768px) 100vw, 768px\" \/><\/figure><\/li><li class=\"blocks-gallery-item\"><figure><img loading=\"lazy\" decoding=\"async\" width=\"768\" height=\"1024\" src=\"https:\/\/www.colegiomanuelbulnes.cl\/wp-content\/uploads\/2019\/10\/WhatsApp-Image-2019-10-14-at-17.42.59-2-768x1024.jpeg\" alt=\"\" data-id=\"1624\" data-link=\"https:\/\/www.colegiomanuelbulnes.cl\/?attachment_id=1624\" class=\"wp-image-1624\" srcset=\"https:\/\/www.colegiomanuelbulnes.cl\/wp-content\/uploads\/2019\/10\/WhatsApp-Image-2019-10-14-at-17.42.59-2-768x1024.jpeg 768w, https:\/\/www.colegiomanuelbulnes.cl\/wp-content\/uploads\/2019\/10\/WhatsApp-Image-2019-10-14-at-17.42.59-2-225x300.jpeg 225w, https:\/\/www.colegiomanuelbulnes.cl\/wp-content\/uploads\/2019\/10\/WhatsApp-Image-2019-10-14-at-17.42.59-2.jpeg 960w\" sizes=\"(max-width: 768px) 100vw, 768px\" \/><\/figure><\/li><li class=\"blocks-gallery-item\"><figure><img loading=\"lazy\" decoding=\"async\" width=\"1024\" height=\"768\" src=\"https:\/\/www.colegiomanuelbulnes.cl\/wp-content\/uploads\/2019\/10\/WhatsApp-Image-2019-10-14-at-17.42.59-1024x768.jpeg\" alt=\"\" data-id=\"1625\" data-link=\"https:\/\/www.colegiomanuelbulnes.cl\/?attachment_id=1625\" class=\"wp-image-1625\" srcset=\"https:\/\/www.colegiomanuelbulnes.cl\/wp-content\/uploads\/2019\/10\/WhatsApp-Image-2019-10-14-at-17.42.59-1024x768.jpeg 1024w, https:\/\/www.colegiomanuelbulnes.cl\/wp-content\/uploads\/2019\/10\/WhatsApp-Image-2019-10-14-at-17.42.59-300x225.jpeg 300w, https:\/\/www.colegiomanuelbulnes.cl\/wp-content\/uploads\/2019\/10\/WhatsApp-Image-2019-10-14-at-17.42.59-768x576.jpeg 768w, https:\/\/www.colegiomanuelbulnes.cl\/wp-content\/uploads\/2019\/10\/WhatsApp-Image-2019-10-14-at-17.42.59.jpeg 1280w\" sizes=\"(max-width: 1024px) 100vw, 1024px\" \/><\/figure><\/li><li class=\"blocks-gallery-item\"><figure><img loading=\"lazy\" decoding=\"async\" width=\"768\" height=\"1024\" src=\"https:\/\/www.colegiomanuelbulnes.cl\/wp-content\/uploads\/2019\/10\/WhatsApp-Image-2019-10-14-at-17.43.00-1-768x1024.jpeg\" alt=\"\" data-id=\"1626\" data-link=\"https:\/\/www.colegiomanuelbulnes.cl\/?attachment_id=1626\" class=\"wp-image-1626\" srcset=\"https:\/\/www.colegiomanuelbulnes.cl\/wp-content\/uploads\/2019\/10\/WhatsApp-Image-2019-10-14-at-17.43.00-1-768x1024.jpeg 768w, https:\/\/www.colegiomanuelbulnes.cl\/wp-content\/uploads\/2019\/10\/WhatsApp-Image-2019-10-14-at-17.43.00-1-225x300.jpeg 225w, https:\/\/www.colegiomanuelbulnes.cl\/wp-content\/uploads\/2019\/10\/WhatsApp-Image-2019-10-14-at-17.43.00-1.jpeg 960w\" sizes=\"(max-width: 768px) 100vw, 768px\" \/><\/figure><\/li><li class=\"blocks-gallery-item\"><figure><img loading=\"lazy\" decoding=\"async\" width=\"768\" height=\"1024\" src=\"https:\/\/www.colegiomanuelbulnes.cl\/wp-content\/uploads\/2019\/10\/WhatsApp-Image-2019-10-14-at-17.43.00-2-768x1024.jpeg\" alt=\"\" data-id=\"1627\" data-link=\"https:\/\/www.colegiomanuelbulnes.cl\/?attachment_id=1627\" class=\"wp-image-1627\" srcset=\"https:\/\/www.colegiomanuelbulnes.cl\/wp-content\/uploads\/2019\/10\/WhatsApp-Image-2019-10-14-at-17.43.00-2-768x1024.jpeg 768w, https:\/\/www.colegiomanuelbulnes.cl\/wp-content\/uploads\/2019\/10\/WhatsApp-Image-2019-10-14-at-17.43.00-2-225x300.jpeg 225w, https:\/\/www.colegiomanuelbulnes.cl\/wp-content\/uploads\/2019\/10\/WhatsApp-Image-2019-10-14-at-17.43.00-2.jpeg 960w\" sizes=\"(max-width: 768px) 100vw, 768px\" \/><\/figure><\/li><li class=\"blocks-gallery-item\"><figure><img loading=\"lazy\" decoding=\"async\" width=\"768\" height=\"1024\" src=\"https:\/\/www.colegiomanuelbulnes.cl\/wp-content\/uploads\/2019\/10\/WhatsApp-Image-2019-10-14-at-17.43.00-768x1024.jpeg\" alt=\"\" data-id=\"1628\" data-link=\"https:\/\/www.colegiomanuelbulnes.cl\/?attachment_id=1628\" class=\"wp-image-1628\" srcset=\"https:\/\/www.colegiomanuelbulnes.cl\/wp-content\/uploads\/2019\/10\/WhatsApp-Image-2019-10-14-at-17.43.00-768x1024.jpeg 768w, https:\/\/www.colegiomanuelbulnes.cl\/wp-content\/uploads\/2019\/10\/WhatsApp-Image-2019-10-14-at-17.43.00-225x300.jpeg 225w, https:\/\/www.colegiomanuelbulnes.cl\/wp-content\/uploads\/2019\/10\/WhatsApp-Image-2019-10-14-at-17.43.00.jpeg 960w\" sizes=\"(max-width: 768px) 100vw, 768px\" \/><\/figure><\/li><li class=\"blocks-gallery-item\"><figure><img loading=\"lazy\" decoding=\"async\" width=\"1024\" height=\"768\" src=\"https:\/\/www.colegiomanuelbulnes.cl\/wp-content\/uploads\/2019\/10\/WhatsApp-Image-2019-10-14-at-17.43.01-1-1024x768.jpeg\" alt=\"\" data-id=\"1629\" data-link=\"https:\/\/www.colegiomanuelbulnes.cl\/?attachment_id=1629\" class=\"wp-image-1629\" srcset=\"https:\/\/www.colegiomanuelbulnes.cl\/wp-content\/uploads\/2019\/10\/WhatsApp-Image-2019-10-14-at-17.43.01-1-1024x768.jpeg 1024w, https:\/\/www.colegiomanuelbulnes.cl\/wp-content\/uploads\/2019\/10\/WhatsApp-Image-2019-10-14-at-17.43.01-1-300x225.jpeg 300w, https:\/\/www.colegiomanuelbulnes.cl\/wp-content\/uploads\/2019\/10\/WhatsApp-Image-2019-10-14-at-17.43.01-1-768x576.jpeg 768w, https:\/\/www.colegiomanuelbulnes.cl\/wp-content\/uploads\/2019\/10\/WhatsApp-Image-2019-10-14-at-17.43.01-1.jpeg 1280w\" sizes=\"(max-width: 1024px) 100vw, 1024px\" \/><\/figure><\/li><li class=\"blocks-gallery-item\"><figure><img loading=\"lazy\" decoding=\"async\" width=\"1024\" height=\"768\" src=\"https:\/\/www.colegiomanuelbulnes.cl\/wp-content\/uploads\/2019\/10\/WhatsApp-Image-2019-10-14-at-17.43.01-2-1024x768.jpeg\" alt=\"\" data-id=\"1630\" data-link=\"https:\/\/www.colegiomanuelbulnes.cl\/?attachment_id=1630\" class=\"wp-image-1630\" srcset=\"https:\/\/www.colegiomanuelbulnes.cl\/wp-content\/uploads\/2019\/10\/WhatsApp-Image-2019-10-14-at-17.43.01-2-1024x768.jpeg 1024w, https:\/\/www.colegiomanuelbulnes.cl\/wp-content\/uploads\/2019\/10\/WhatsApp-Image-2019-10-14-at-17.43.01-2-300x225.jpeg 300w, https:\/\/www.colegiomanuelbulnes.cl\/wp-content\/uploads\/2019\/10\/WhatsApp-Image-2019-10-14-at-17.43.01-2-768x576.jpeg 768w, https:\/\/www.colegiomanuelbulnes.cl\/wp-content\/uploads\/2019\/10\/WhatsApp-Image-2019-10-14-at-17.43.01-2.jpeg 1280w\" sizes=\"(max-width: 1024px) 100vw, 1024px\" \/><\/figure><\/li><li class=\"blocks-gallery-item\"><figure><img loading=\"lazy\" decoding=\"async\" width=\"1024\" height=\"768\" src=\"https:\/\/www.colegiomanuelbulnes.cl\/wp-content\/uploads\/2019\/10\/WhatsApp-Image-2019-10-14-at-17.43.01-1024x768.jpeg\" alt=\"\" data-id=\"1631\" data-link=\"https:\/\/www.colegiomanuelbulnes.cl\/?attachment_id=1631\" class=\"wp-image-1631\" srcset=\"https:\/\/www.colegiomanuelbulnes.cl\/wp-content\/uploads\/2019\/10\/WhatsApp-Image-2019-10-14-at-17.43.01-1024x768.jpeg 1024w, https:\/\/www.colegiomanuelbulnes.cl\/wp-content\/uploads\/2019\/10\/WhatsApp-Image-2019-10-14-at-17.43.01-300x225.jpeg 300w, https:\/\/www.colegiomanuelbulnes.cl\/wp-content\/uploads\/2019\/10\/WhatsApp-Image-2019-10-14-at-17.43.01-768x576.jpeg 768w, https:\/\/www.colegiomanuelbulnes.cl\/wp-content\/uploads\/2019\/10\/WhatsApp-Image-2019-10-14-at-17.43.01.jpeg 1280w\" sizes=\"(max-width: 1024px) 100vw, 1024px\" \/><\/figure><\/li><li class=\"blocks-gallery-item\"><figure><img loading=\"lazy\" decoding=\"async\" width=\"1024\" height=\"768\" src=\"https:\/\/www.colegiomanuelbulnes.cl\/wp-content\/uploads\/2019\/10\/WhatsApp-Image-2019-10-14-at-17.43.02-1-1024x768.jpeg\" alt=\"\" data-id=\"1632\" data-link=\"https:\/\/www.colegiomanuelbulnes.cl\/?attachment_id=1632\" class=\"wp-image-1632\" srcset=\"https:\/\/www.colegiomanuelbulnes.cl\/wp-content\/uploads\/2019\/10\/WhatsApp-Image-2019-10-14-at-17.43.02-1-1024x768.jpeg 1024w, https:\/\/www.colegiomanuelbulnes.cl\/wp-content\/uploads\/2019\/10\/WhatsApp-Image-2019-10-14-at-17.43.02-1-300x225.jpeg 300w, https:\/\/www.colegiomanuelbulnes.cl\/wp-content\/uploads\/2019\/10\/WhatsApp-Image-2019-10-14-at-17.43.02-1-768x576.jpeg 768w, https:\/\/www.colegiomanuelbulnes.cl\/wp-content\/uploads\/2019\/10\/WhatsApp-Image-2019-10-14-at-17.43.02-1.jpeg 1280w\" sizes=\"(max-width: 1024px) 100vw, 1024px\" \/><\/figure><\/li><li class=\"blocks-gallery-item\"><figure><img loading=\"lazy\" decoding=\"async\" width=\"1024\" height=\"768\" src=\"https:\/\/www.colegiomanuelbulnes.cl\/wp-content\/uploads\/2019\/10\/WhatsApp-Image-2019-10-14-at-17.43.02-1024x768.jpeg\" alt=\"\" data-id=\"1633\" data-link=\"https:\/\/www.colegiomanuelbulnes.cl\/?attachment_id=1633\" class=\"wp-image-1633\" srcset=\"https:\/\/www.colegiomanuelbulnes.cl\/wp-content\/uploads\/2019\/10\/WhatsApp-Image-2019-10-14-at-17.43.02-1024x768.jpeg 1024w, https:\/\/www.colegiomanuelbulnes.cl\/wp-content\/uploads\/2019\/10\/WhatsApp-Image-2019-10-14-at-17.43.02-300x225.jpeg 300w, https:\/\/www.colegiomanuelbulnes.cl\/wp-content\/uploads\/2019\/10\/WhatsApp-Image-2019-10-14-at-17.43.02-768x576.jpeg 768w, https:\/\/www.colegiomanuelbulnes.cl\/wp-content\/uploads\/2019\/10\/WhatsApp-Image-2019-10-14-at-17.43.02.jpeg 1280w\" sizes=\"(max-width: 1024px) 100vw, 1024px\" \/><\/figure><\/li><li class=\"blocks-gallery-item\"><figure><img loading=\"lazy\" decoding=\"async\" width=\"1024\" height=\"768\" src=\"https:\/\/www.colegiomanuelbulnes.cl\/wp-content\/uploads\/2019\/10\/WhatsApp-Image-2019-10-14-at-17.55.38-1024x768.jpeg\" alt=\"\" data-id=\"1634\" data-link=\"https:\/\/www.colegiomanuelbulnes.cl\/?attachment_id=1634\" class=\"wp-image-1634\" srcset=\"https:\/\/www.colegiomanuelbulnes.cl\/wp-content\/uploads\/2019\/10\/WhatsApp-Image-2019-10-14-at-17.55.38-1024x768.jpeg 1024w, https:\/\/www.colegiomanuelbulnes.cl\/wp-content\/uploads\/2019\/10\/WhatsApp-Image-2019-10-14-at-17.55.38-300x225.jpeg 300w, https:\/\/www.colegiomanuelbulnes.cl\/wp-content\/uploads\/2019\/10\/WhatsApp-Image-2019-10-14-at-17.55.38-768x576.jpeg 768w, https:\/\/www.colegiomanuelbulnes.cl\/wp-content\/uploads\/2019\/10\/WhatsApp-Image-2019-10-14-at-17.55.38.jpeg 1040w\" sizes=\"(max-width: 1024px) 100vw, 1024px\" \/><\/figure><\/li><\/ul>\n","protected":false},"excerpt":{"rendered":"<p>Estudiantes de sexto a\u00f1o A y B realizan significativa salida pedag\u00f3gica el pasado jueves 3 de octubre, coordinada por la profesora Elizabeth Romero, actividad contemplada dentro de la planificaci\u00f3n anual de la asignatura de Historia, Geograf\u00eda y Ciencias sociales, y tambi\u00e9n como parte del proyecto de mejoramiento educativo del establecimiento. La actividad cont\u00f3 asimismo con [&hellip;]<\/p>\n","protected":false},"author":1,"featured_media":1618,"comment_status":"closed","ping_status":"open","sticky":false,"template":"","format":"standard","meta":{"footnotes":""},"categories":[3],"tags":[],"_links":{"self":[{"href":"https:\/\/www.colegiomanuelbulnes.cl\/index.php?rest_route=\/wp\/v2\/posts\/1617"}],"collection":[{"href":"https:\/\/www.colegiomanuelbulnes.cl\/index.php?rest_route=\/wp\/v2\/posts"}],"about":[{"href":"https:\/\/www.colegiomanuelbulnes.cl\/index.php?rest_route=\/wp\/v2\/types\/post"}],"author":[{"embeddable":true,"href":"https:\/\/www.colegiomanuelbulnes.cl\/index.php?rest_route=\/wp\/v2\/users\/1"}],"replies":[{"embeddable":true,"href":"https:\/\/www.colegiomanuelbulnes.cl\/index.php?rest_route=%2Fwp%2Fv2%2Fcomments&post=1617"}],"version-history":[{"count":1,"href":"https:\/\/www.colegiomanuelbulnes.cl\/index.php?rest_route=\/wp\/v2\/posts\/1617\/revisions"}],"predecessor-version":[{"id":1635,"href":"https:\/\/www.colegiomanuelbulnes.cl\/index.php?rest_route=\/wp\/v2\/posts\/1617\/revisions\/1635"}],"wp:featuredmedia":[{"embeddable":true,"href":"https:\/\/www.colegiomanuelbulnes.cl\/index.php?rest_route=\/wp\/v2\/media\/1618"}],"wp:attachment":[{"href":"https:\/\/www.colegiomanuelbulnes.cl\/index.php?rest_route=%2Fwp%2Fv2%2Fmedia&parent=1617"}],"wp:term":[{"taxonomy":"category","embeddable":true,"href":"https:\/\/www.colegiomanuelbulnes.cl\/index.php?rest_route=%2Fwp%2Fv2%2Fcategories&post=1617"},{"taxonomy":"post_tag","embeddable":true,"href":"https:\/\/www.colegiomanuelbulnes.cl\/index.php?rest_route=%2Fwp%2Fv2%2Ftags&post=1617"}],"curies":[{"name":"wp","href":"https:\/\/api.w.org\/{rel}","templated":true}]}}