{"id":1636,"date":"2019-10-21T16:48:01","date_gmt":"2019-10-21T20:48:01","guid":{"rendered":"http:\/\/www.colegiomanuelbulnes.cl\/?p=1636"},"modified":"2019-10-21T16:48:04","modified_gmt":"2019-10-21T20:48:04","slug":"comunicado","status":"publish","type":"post","link":"https:\/\/www.colegiomanuelbulnes.cl\/?p=1636","title":{"rendered":"COMUNICADO"},"content":{"rendered":"\n<p>En vista de los acontecimientos sociales el colegio Manuel Bulnes de Linares informa a toda su comunidad educativa que a partir del martes 22 de octubre como establecimiento realizaremos modificaci\u00f3n horaria, en las siguientes jornadas:<\/p>\n\n\n\n<p>-Jornada de la ma\u00f1ana: 8:00 a 12:00.<br>-Jornada de la tarde: 14:00 a 18:00.<\/p>\n\n\n\n<p><br> Informamos adem\u00e1s que las actividades programadas en nuestro aniversario se suspenden hasta nuevo aviso.<\/p>\n\n\n\n<p><br> Atentamente, la direcci\u00f3n.<\/p>\n","protected":false},"excerpt":{"rendered":"<p>En vista de los acontecimientos sociales el colegio Manuel Bulnes de Linares informa a toda su comunidad educativa que a partir del martes 22 de octubre como establecimiento realizaremos modificaci\u00f3n horaria, en las siguientes jornadas: -Jornada de la ma\u00f1ana: 8:00 a 12:00.-Jornada de la tarde: 14:00 a 18:00. Informamos adem\u00e1s que las actividades programadas en [&hellip;]<\/p>\n","protected":false},"author":1,"featured_media":898,"comment_status":"closed","ping_status":"open","sticky":false,"template":"","format":"standard","meta":{"footnotes":""},"categories":[3],"tags":[],"_links":{"self":[{"href":"https:\/\/www.colegiomanuelbulnes.cl\/index.php?rest_route=\/wp\/v2\/posts\/1636"}],"collection":[{"href":"https:\/\/www.colegiomanuelbulnes.cl\/index.php?rest_route=\/wp\/v2\/posts"}],"about":[{"href":"https:\/\/www.colegiomanuelbulnes.cl\/index.php?rest_route=\/wp\/v2\/types\/post"}],"author":[{"embeddable":true,"href":"https:\/\/www.colegiomanuelbulnes.cl\/index.php?rest_route=\/wp\/v2\/users\/1"}],"replies":[{"embeddable":true,"href":"https:\/\/www.colegiomanuelbulnes.cl\/index.php?rest_route=%2Fwp%2Fv2%2Fcomments&post=1636"}],"version-history":[{"count":2,"href":"https:\/\/www.colegiomanuelbulnes.cl\/index.php?rest_route=\/wp\/v2\/posts\/1636\/revisions"}],"predecessor-version":[{"id":1638,"href":"https:\/\/www.colegiomanuelbulnes.cl\/index.php?rest_route=\/wp\/v2\/posts\/1636\/revisions\/1638"}],"wp:featuredmedia":[{"embeddable":true,"href":"https:\/\/www.colegiomanuelbulnes.cl\/index.php?rest_route=\/wp\/v2\/media\/898"}],"wp:attachment":[{"href":"https:\/\/www.colegiomanuelbulnes.cl\/index.php?rest_route=%2Fwp%2Fv2%2Fmedia&parent=1636"}],"wp:term":[{"taxonomy":"category","embeddable":true,"href":"https:\/\/www.colegiomanuelbulnes.cl\/index.php?rest_route=%2Fwp%2Fv2%2Fcategories&post=1636"},{"taxonomy":"post_tag","embeddable":true,"href":"https:\/\/www.colegiomanuelbulnes.cl\/index.php?rest_route=%2Fwp%2Fv2%2Ftags&post=1636"}],"curies":[{"name":"wp","href":"https:\/\/api.w.org\/{rel}","templated":true}]}}