{"id":1641,"date":"2019-10-27T11:47:19","date_gmt":"2019-10-27T15:47:19","guid":{"rendered":"http:\/\/www.colegiomanuelbulnes.cl\/?p=1641"},"modified":"2019-10-27T11:47:22","modified_gmt":"2019-10-27T15:47:22","slug":"comunicado-2","status":"publish","type":"post","link":"https:\/\/www.colegiomanuelbulnes.cl\/?p=1641","title":{"rendered":"Comunicado"},"content":{"rendered":"\n<p>Estimada comunidad educativa los horarios para esta semana (lunes 28, martes 29 y mi\u00e9rcoles 30 de octubre) se mantendr\u00e1n de 08:00 a 12:00 hrs. En la jornada de la ma\u00f1ana y de 14:00 a 18:00 hrs. en la jornada de la tarde.<\/p>\n\n\n\n<p>A partir de lunes 04 de noviembre todos los horarios vuelven a la normalidad.<\/p>\n\n\n\n<p>Atte , la direcci\u00f3n<\/p>\n","protected":false},"excerpt":{"rendered":"<p>Estimada comunidad educativa los horarios para esta semana (lunes 28, martes 29 y mi\u00e9rcoles 30 de octubre) se mantendr\u00e1n de 08:00 a 12:00 hrs. En la jornada de la ma\u00f1ana y de 14:00 a 18:00 hrs. en la jornada de la tarde. A partir de lunes 04 de noviembre todos los horarios vuelven a la [&hellip;]<\/p>\n","protected":false},"author":1,"featured_media":1642,"comment_status":"closed","ping_status":"open","sticky":false,"template":"","format":"standard","meta":{"footnotes":""},"categories":[3],"tags":[],"_links":{"self":[{"href":"https:\/\/www.colegiomanuelbulnes.cl\/index.php?rest_route=\/wp\/v2\/posts\/1641"}],"collection":[{"href":"https:\/\/www.colegiomanuelbulnes.cl\/index.php?rest_route=\/wp\/v2\/posts"}],"about":[{"href":"https:\/\/www.colegiomanuelbulnes.cl\/index.php?rest_route=\/wp\/v2\/types\/post"}],"author":[{"embeddable":true,"href":"https:\/\/www.colegiomanuelbulnes.cl\/index.php?rest_route=\/wp\/v2\/users\/1"}],"replies":[{"embeddable":true,"href":"https:\/\/www.colegiomanuelbulnes.cl\/index.php?rest_route=%2Fwp%2Fv2%2Fcomments&post=1641"}],"version-history":[{"count":1,"href":"https:\/\/www.colegiomanuelbulnes.cl\/index.php?rest_route=\/wp\/v2\/posts\/1641\/revisions"}],"predecessor-version":[{"id":1643,"href":"https:\/\/www.colegiomanuelbulnes.cl\/index.php?rest_route=\/wp\/v2\/posts\/1641\/revisions\/1643"}],"wp:featuredmedia":[{"embeddable":true,"href":"https:\/\/www.colegiomanuelbulnes.cl\/index.php?rest_route=\/wp\/v2\/media\/1642"}],"wp:attachment":[{"href":"https:\/\/www.colegiomanuelbulnes.cl\/index.php?rest_route=%2Fwp%2Fv2%2Fmedia&parent=1641"}],"wp:term":[{"taxonomy":"category","embeddable":true,"href":"https:\/\/www.colegiomanuelbulnes.cl\/index.php?rest_route=%2Fwp%2Fv2%2Fcategories&post=1641"},{"taxonomy":"post_tag","embeddable":true,"href":"https:\/\/www.colegiomanuelbulnes.cl\/index.php?rest_route=%2Fwp%2Fv2%2Ftags&post=1641"}],"curies":[{"name":"wp","href":"https:\/\/api.w.org\/{rel}","templated":true}]}}