{"id":1645,"date":"2019-11-11T17:48:38","date_gmt":"2019-11-11T21:48:38","guid":{"rendered":"http:\/\/www.colegiomanuelbulnes.cl\/?p=1645"},"modified":"2019-11-11T18:00:12","modified_gmt":"2019-11-11T22:00:12","slug":"comunicado-oficial","status":"publish","type":"post","link":"https:\/\/www.colegiomanuelbulnes.cl\/?p=1645","title":{"rendered":"Comunicado oficial"},"content":{"rendered":"\n<p> El colegio Manuel Bulnes de Linares informa a toda su comunidad educativa que ma\u00f1ana martes 12 de noviembre se suspenden las clases por adhesi\u00f3n al Paro Nacional, resguardando la seguridad de nuestros estudiantes y funcionarios.<br>A partir del d\u00eda Mi\u00e9rcoles 13 de noviembre se retomar\u00e1n las clases y actividades acad\u00e9micas de manera normal.<br>Agradecemos su compresi\u00f3n.  <\/p>\n","protected":false},"excerpt":{"rendered":"<p>El colegio Manuel Bulnes de Linares informa a toda su comunidad educativa que ma\u00f1ana martes 12 de noviembre se suspenden las clases por adhesi\u00f3n al Paro Nacional, resguardando la seguridad de nuestros estudiantes y funcionarios.A partir del d\u00eda Mi\u00e9rcoles 13 de noviembre se retomar\u00e1n las clases y actividades acad\u00e9micas de manera normal.Agradecemos su compresi\u00f3n.<\/p>\n","protected":false},"author":1,"featured_media":1646,"comment_status":"closed","ping_status":"open","sticky":false,"template":"","format":"standard","meta":{"footnotes":""},"categories":[3],"tags":[],"_links":{"self":[{"href":"https:\/\/www.colegiomanuelbulnes.cl\/index.php?rest_route=\/wp\/v2\/posts\/1645"}],"collection":[{"href":"https:\/\/www.colegiomanuelbulnes.cl\/index.php?rest_route=\/wp\/v2\/posts"}],"about":[{"href":"https:\/\/www.colegiomanuelbulnes.cl\/index.php?rest_route=\/wp\/v2\/types\/post"}],"author":[{"embeddable":true,"href":"https:\/\/www.colegiomanuelbulnes.cl\/index.php?rest_route=\/wp\/v2\/users\/1"}],"replies":[{"embeddable":true,"href":"https:\/\/www.colegiomanuelbulnes.cl\/index.php?rest_route=%2Fwp%2Fv2%2Fcomments&post=1645"}],"version-history":[{"count":2,"href":"https:\/\/www.colegiomanuelbulnes.cl\/index.php?rest_route=\/wp\/v2\/posts\/1645\/revisions"}],"predecessor-version":[{"id":1648,"href":"https:\/\/www.colegiomanuelbulnes.cl\/index.php?rest_route=\/wp\/v2\/posts\/1645\/revisions\/1648"}],"wp:featuredmedia":[{"embeddable":true,"href":"https:\/\/www.colegiomanuelbulnes.cl\/index.php?rest_route=\/wp\/v2\/media\/1646"}],"wp:attachment":[{"href":"https:\/\/www.colegiomanuelbulnes.cl\/index.php?rest_route=%2Fwp%2Fv2%2Fmedia&parent=1645"}],"wp:term":[{"taxonomy":"category","embeddable":true,"href":"https:\/\/www.colegiomanuelbulnes.cl\/index.php?rest_route=%2Fwp%2Fv2%2Fcategories&post=1645"},{"taxonomy":"post_tag","embeddable":true,"href":"https:\/\/www.colegiomanuelbulnes.cl\/index.php?rest_route=%2Fwp%2Fv2%2Ftags&post=1645"}],"curies":[{"name":"wp","href":"https:\/\/api.w.org\/{rel}","templated":true}]}}