{"id":184,"date":"2017-07-28T23:05:31","date_gmt":"2017-07-28T23:05:31","guid":{"rendered":"http:\/\/www.colegiomanuelbulnes.cl\/?p=184"},"modified":"2017-07-28T23:10:58","modified_gmt":"2017-07-28T23:10:58","slug":"feriado-14-de-agosto-2017","status":"publish","type":"post","link":"https:\/\/www.colegiomanuelbulnes.cl\/?p=184","title":{"rendered":"Feriado 14 de Agosto 2017"},"content":{"rendered":"<p style=\"text-align: center;\"><strong><span style=\"font-size: 14pt;\">Se informa a la Comunidad Educativa .<\/span>\u00a0<\/strong><\/p>\n<p>Por resoluci\u00f3n exenta del Ministerio de Educaci\u00f3n \u00a0numero :0018 se autoriza la modificaci\u00f3n \u00a0del calendario escolar a\u00f1o 2017 por lo tanto el\u00a0<strong>d\u00eda\u00a014 de agosto pr\u00f3ximo no habr\u00e1n clases<\/strong>, debido a \u00a0la recuperaci\u00f3n efectuada el d\u00eda 28 de febrero del mismo a\u00f1o.<\/p>\n<p>T\u00e9ngase en conocimiento y difusi\u00f3n \u00a0a toda la Comunidad Educativa.<\/p>\n<p style=\"text-align: center;\">Atentamente.<\/p>\n<p style=\"text-align: center;\">La Direcci\u00f3n<\/p>\n<p>&nbsp;<\/p>\n","protected":false},"excerpt":{"rendered":"<p>Se informa a la Comunidad Educativa .\u00a0 Por resoluci\u00f3n exenta del Ministerio de Educaci\u00f3n \u00a0numero :0018 se autoriza la modificaci\u00f3n \u00a0del calendario escolar a\u00f1o 2017 por lo tanto el\u00a0d\u00eda\u00a014 de agosto pr\u00f3ximo no habr\u00e1n clases, debido a \u00a0la recuperaci\u00f3n efectuada el d\u00eda 28 de febrero del mismo a\u00f1o. T\u00e9ngase en conocimiento y difusi\u00f3n \u00a0a toda [&hellip;]<\/p>\n","protected":false},"author":1,"featured_media":185,"comment_status":"closed","ping_status":"open","sticky":false,"template":"","format":"standard","meta":{"footnotes":""},"categories":[3],"tags":[],"_links":{"self":[{"href":"https:\/\/www.colegiomanuelbulnes.cl\/index.php?rest_route=\/wp\/v2\/posts\/184"}],"collection":[{"href":"https:\/\/www.colegiomanuelbulnes.cl\/index.php?rest_route=\/wp\/v2\/posts"}],"about":[{"href":"https:\/\/www.colegiomanuelbulnes.cl\/index.php?rest_route=\/wp\/v2\/types\/post"}],"author":[{"embeddable":true,"href":"https:\/\/www.colegiomanuelbulnes.cl\/index.php?rest_route=\/wp\/v2\/users\/1"}],"replies":[{"embeddable":true,"href":"https:\/\/www.colegiomanuelbulnes.cl\/index.php?rest_route=%2Fwp%2Fv2%2Fcomments&post=184"}],"version-history":[{"count":4,"href":"https:\/\/www.colegiomanuelbulnes.cl\/index.php?rest_route=\/wp\/v2\/posts\/184\/revisions"}],"predecessor-version":[{"id":189,"href":"https:\/\/www.colegiomanuelbulnes.cl\/index.php?rest_route=\/wp\/v2\/posts\/184\/revisions\/189"}],"wp:featuredmedia":[{"embeddable":true,"href":"https:\/\/www.colegiomanuelbulnes.cl\/index.php?rest_route=\/wp\/v2\/media\/185"}],"wp:attachment":[{"href":"https:\/\/www.colegiomanuelbulnes.cl\/index.php?rest_route=%2Fwp%2Fv2%2Fmedia&parent=184"}],"wp:term":[{"taxonomy":"category","embeddable":true,"href":"https:\/\/www.colegiomanuelbulnes.cl\/index.php?rest_route=%2Fwp%2Fv2%2Fcategories&post=184"},{"taxonomy":"post_tag","embeddable":true,"href":"https:\/\/www.colegiomanuelbulnes.cl\/index.php?rest_route=%2Fwp%2Fv2%2Ftags&post=184"}],"curies":[{"name":"wp","href":"https:\/\/api.w.org\/{rel}","templated":true}]}}