{"id":351,"date":"2017-11-02T13:14:02","date_gmt":"2017-11-02T13:14:02","guid":{"rendered":"http:\/\/www.colegiomanuelbulnes.cl\/?p=351"},"modified":"2017-11-02T13:14:02","modified_gmt":"2017-11-02T13:14:02","slug":"colegio-manuel-bulnes-de-linares-abre-nuevo-pre-kinder-en-la-jornada-de-la-manana","status":"publish","type":"post","link":"https:\/\/www.colegiomanuelbulnes.cl\/?p=351","title":{"rendered":"COLEGIO MANUEL BULNES DE LINARES, ABRE NUEVO PRE KINDER EN LA JORNADA DE LA MA\u00d1ANA"},"content":{"rendered":"<p style=\"text-align: justify;\"><span style=\"font-weight: 400;\">Como establecimiento educacional queremos destacar los importantes avances que se han hecho en materia pedag\u00f3gica, \u00a0como la postulaci\u00f3n durante el a\u00f1o 2015 a la ley SEP ( ley especial preferencial) que est\u00e1 orientada a todos los alumnos prioritarios quedando exentos de cancelaci\u00f3n de mensualidad. Eso nos permite que muchos alumnos(as) vulnerables de esta ciudad y de otras, \u00a0estudien en igualdad de condiciones que aquellos alumnos que pertenecen a familias que tienen mayores ingresos socioecon\u00f3micos, eso habla de igualdad de oportunidades.<\/span><\/p>\n<p style=\"text-align: justify;\"><span style=\"font-weight: 400;\"> Los recursos obtenidos de la ley SEP, son materializados en un plan de mejoramiento educativo, \u00a0conformado por un equipo de gesti\u00f3n encabezado por nuestra directora, \u00a0es una carta de navegaci\u00f3n para mejorar nuestra gesti\u00f3n curricular, el liderazgo y los recursos pedag\u00f3gicos, entre ellos, la implementaci\u00f3n de mobiliario, acorde a los est\u00e1ndares solicitados por el ministerio de educaci\u00f3n. Tambi\u00e9n se remodel\u00f3 la biblioteca CRA, \u00a0durante el a\u00f1o 2017 se cre\u00f3 el departamento de convivencia escolar conformado por la profesora Patricia Aldana, Barbara Honorato, Psic\u00f3loga y la educadora diferencial Daniela Iba\u00f1ez\u00a0 con el objetivo de mejorar las relaciones interpersonales entre pares, entre docentes y \u00a0apoderados(as), \u00a0pero sobre todo, la de \u00a0\u00a0nuestros propios alumnos (as) y con ello mejorar sus rendimientos acad\u00e9micos. <\/span><\/p>\n<p style=\"text-align: justify;\">\n<p style=\"text-align: justify;\"><span style=\"font-weight: 400;\">Otro gran avance que ha desarrollado nuestro establecimiento ha sido que durante los \u00faltimos a\u00f1os 2008-2009; 2010-2011; 2014-2015 y 2016, 2017. Hemos obtenido la excelencia acad\u00e9mica, distingui\u00e9ndose por los avances educativos y el profesionalismo de sus docentes y asistentes de la educaci\u00f3n con incentivos establecidos en el sistema nacional de evaluaci\u00f3n del desempe\u00f1o dif\u00edcil (SNED).<\/span><\/p>\n<p style=\"text-align: justify;\"><span style=\"font-weight: 400;\">Cada vez son m\u00e1s las exigencias en educaci\u00f3n porque la sociedad va cambiando, nuestra idiosincrasia, algunos dicen que los tiempos est\u00e1n dif\u00edciles pero de eso se trata nuestra labor, revertir lo negativo, ser positivo, pro activo y optimista. Cada amanecer, la vida nos da nuevas oportunidades y hay que aprovecharlas \u00a0en beneficio de nuestros alumnos(as)<\/span><\/p>\n<p style=\"text-align: justify;\"><span style=\"font-weight: 400;\">Nos sentimos contentos como profesionales, \u00a0<\/span><b><i>de abrir un nuevo curso de Pre k\u00ednder de la jornada de la ma\u00f1ana <\/i><\/b><span style=\"font-weight: 400;\">en nuestra comunidad educativa. Agradecemos a nuestros padres, \u00a0apoderados y a la comunidad de Linares y \u00a0alrededores que han confiado la \u00a0educaci\u00f3n de sus hijos \u00a0en nuestras manos, cr\u00e9annos que lo tomamos con mucha responsabilidad y seriedad, no los defraudaremos \u00a0haremos todos los esfuerzos que est\u00e9n a nuestro alcance para que sus hijos sean personas integras, con una fuerte carga val\u00f3rica, acompa\u00f1ado de conocimientos y habilidades que deseamos \u00a0usen una vez que se hayan marchado de nuestra instituci\u00f3n, contribuyendo a sus familias, a la comunidad y al pa\u00eds en pos del bien com\u00fan.<\/span><\/p>\n<p style=\"text-align: center;\"><span style=\"font-weight: 400;\">atte.<\/span><\/p>\n<p style=\"text-align: center;\"><span style=\"font-weight: 400;\">LA DIRECCION<\/span><\/p>\n","protected":false},"excerpt":{"rendered":"<p>Como establecimiento educacional queremos destacar los importantes avances que se han hecho en materia pedag\u00f3gica, \u00a0como la postulaci\u00f3n durante el a\u00f1o 2015 a la ley SEP ( ley especial preferencial) que est\u00e1 orientada a todos los alumnos prioritarios quedando exentos de cancelaci\u00f3n de mensualidad. Eso nos permite que muchos alumnos(as) vulnerables de esta ciudad y [&hellip;]<\/p>\n","protected":false},"author":1,"featured_media":352,"comment_status":"closed","ping_status":"open","sticky":false,"template":"","format":"standard","meta":{"footnotes":""},"categories":[3],"tags":[],"_links":{"self":[{"href":"https:\/\/www.colegiomanuelbulnes.cl\/index.php?rest_route=\/wp\/v2\/posts\/351"}],"collection":[{"href":"https:\/\/www.colegiomanuelbulnes.cl\/index.php?rest_route=\/wp\/v2\/posts"}],"about":[{"href":"https:\/\/www.colegiomanuelbulnes.cl\/index.php?rest_route=\/wp\/v2\/types\/post"}],"author":[{"embeddable":true,"href":"https:\/\/www.colegiomanuelbulnes.cl\/index.php?rest_route=\/wp\/v2\/users\/1"}],"replies":[{"embeddable":true,"href":"https:\/\/www.colegiomanuelbulnes.cl\/index.php?rest_route=%2Fwp%2Fv2%2Fcomments&post=351"}],"version-history":[{"count":1,"href":"https:\/\/www.colegiomanuelbulnes.cl\/index.php?rest_route=\/wp\/v2\/posts\/351\/revisions"}],"predecessor-version":[{"id":353,"href":"https:\/\/www.colegiomanuelbulnes.cl\/index.php?rest_route=\/wp\/v2\/posts\/351\/revisions\/353"}],"wp:featuredmedia":[{"embeddable":true,"href":"https:\/\/www.colegiomanuelbulnes.cl\/index.php?rest_route=\/wp\/v2\/media\/352"}],"wp:attachment":[{"href":"https:\/\/www.colegiomanuelbulnes.cl\/index.php?rest_route=%2Fwp%2Fv2%2Fmedia&parent=351"}],"wp:term":[{"taxonomy":"category","embeddable":true,"href":"https:\/\/www.colegiomanuelbulnes.cl\/index.php?rest_route=%2Fwp%2Fv2%2Fcategories&post=351"},{"taxonomy":"post_tag","embeddable":true,"href":"https:\/\/www.colegiomanuelbulnes.cl\/index.php?rest_route=%2Fwp%2Fv2%2Ftags&post=351"}],"curies":[{"name":"wp","href":"https:\/\/api.w.org\/{rel}","templated":true}]}}