{"id":3964,"date":"2020-06-04T12:41:33","date_gmt":"2020-06-04T16:41:33","guid":{"rendered":"http:\/\/www.colegiomanuelbulnes.cl\/?p=3964"},"modified":"2020-06-04T12:41:35","modified_gmt":"2020-06-04T16:41:35","slug":"segundo-proceso-de-sanitazacion-en-colegio-manuel-bulnes-de-linares","status":"publish","type":"post","link":"https:\/\/www.colegiomanuelbulnes.cl\/?p=3964","title":{"rendered":"Segundo proceso de sanitazaci\u00f3n en Colegio Manuel Bulnes de Linares"},"content":{"rendered":"\n<p>El pasado lunes 01 de junio, se realiz\u00f3 una segunda y\ncompleta sanitizaci\u00f3n y desinfecci\u00f3n en las dependencias de nuestro\nestablecimiento, tanto en el \u00e1rea de Educaci\u00f3n Parvularia como en la Educaci\u00f3n\nB\u00e1sica, dando cumplimiento con ello a lo estipulado por la autoridad sanitaria\ny en conformidad a los protocolos Covid-19 determinados por el Ministerio de\nSalud. Cabe destacar que adem\u00e1s de lo anteriormente mencionado, nuestro\nestablecimiento es diariamente sanitizado por nuestros asistentes de servicios esenciales.<\/p>\n\n\n\n<p>Con esto buscamos dar tranquilidad y confianza a toda nuestra\ncomunidad educativa.<\/p>\n\n\n\n<p>Deseamos que tanto nuestros alumnos como sus padres y\napoderados se encuentren muy bien, y rogamos seguir las instrucciones\nsanitarias para que pronto logremos volver a encontrarnos. <\/p>\n\n\n\n<p>Un abrazo afectuoso de parte de todos quienes conformamos\neste establecimiento educacional.<\/p>\n\n\n\n<ul class=\"wp-block-gallery columns-1 is-cropped wp-block-gallery-1 is-layout-flex wp-block-gallery-is-layout-flex\"><li class=\"blocks-gallery-item\"><figure><img loading=\"lazy\" decoding=\"async\" width=\"658\" height=\"805\" src=\"https:\/\/www.colegiomanuelbulnes.cl\/wp-content\/uploads\/2020\/06\/basica-fumiga.png\" alt=\"\" data-id=\"3965\" class=\"wp-image-3965\" srcset=\"https:\/\/www.colegiomanuelbulnes.cl\/wp-content\/uploads\/2020\/06\/basica-fumiga.png 658w, https:\/\/www.colegiomanuelbulnes.cl\/wp-content\/uploads\/2020\/06\/basica-fumiga-245x300.png 245w\" sizes=\"(max-width: 658px) 100vw, 658px\" \/><\/figure><\/li><li class=\"blocks-gallery-item\"><figure><img loading=\"lazy\" decoding=\"async\" width=\"660\" height=\"827\" src=\"https:\/\/www.colegiomanuelbulnes.cl\/wp-content\/uploads\/2020\/06\/parvulo-fumiga-1.png\" alt=\"\" data-id=\"3968\" data-link=\"https:\/\/www.colegiomanuelbulnes.cl\/?attachment_id=3968\" class=\"wp-image-3968\" srcset=\"https:\/\/www.colegiomanuelbulnes.cl\/wp-content\/uploads\/2020\/06\/parvulo-fumiga-1.png 660w, https:\/\/www.colegiomanuelbulnes.cl\/wp-content\/uploads\/2020\/06\/parvulo-fumiga-1-239x300.png 239w\" sizes=\"(max-width: 660px) 100vw, 660px\" \/><\/figure><\/li><\/ul>\n","protected":false},"excerpt":{"rendered":"<p>El pasado lunes 01 de junio, se realiz\u00f3 una segunda y completa sanitizaci\u00f3n y desinfecci\u00f3n en las dependencias de nuestro establecimiento, tanto en el \u00e1rea de Educaci\u00f3n Parvularia como en la Educaci\u00f3n B\u00e1sica, dando cumplimiento con ello a lo estipulado por la autoridad sanitaria y en conformidad a los protocolos Covid-19 determinados por el Ministerio [&hellip;]<\/p>\n","protected":false},"author":1,"featured_media":3359,"comment_status":"closed","ping_status":"open","sticky":false,"template":"","format":"standard","meta":{"footnotes":""},"categories":[3],"tags":[],"_links":{"self":[{"href":"https:\/\/www.colegiomanuelbulnes.cl\/index.php?rest_route=\/wp\/v2\/posts\/3964"}],"collection":[{"href":"https:\/\/www.colegiomanuelbulnes.cl\/index.php?rest_route=\/wp\/v2\/posts"}],"about":[{"href":"https:\/\/www.colegiomanuelbulnes.cl\/index.php?rest_route=\/wp\/v2\/types\/post"}],"author":[{"embeddable":true,"href":"https:\/\/www.colegiomanuelbulnes.cl\/index.php?rest_route=\/wp\/v2\/users\/1"}],"replies":[{"embeddable":true,"href":"https:\/\/www.colegiomanuelbulnes.cl\/index.php?rest_route=%2Fwp%2Fv2%2Fcomments&post=3964"}],"version-history":[{"count":1,"href":"https:\/\/www.colegiomanuelbulnes.cl\/index.php?rest_route=\/wp\/v2\/posts\/3964\/revisions"}],"predecessor-version":[{"id":3969,"href":"https:\/\/www.colegiomanuelbulnes.cl\/index.php?rest_route=\/wp\/v2\/posts\/3964\/revisions\/3969"}],"wp:featuredmedia":[{"embeddable":true,"href":"https:\/\/www.colegiomanuelbulnes.cl\/index.php?rest_route=\/wp\/v2\/media\/3359"}],"wp:attachment":[{"href":"https:\/\/www.colegiomanuelbulnes.cl\/index.php?rest_route=%2Fwp%2Fv2%2Fmedia&parent=3964"}],"wp:term":[{"taxonomy":"category","embeddable":true,"href":"https:\/\/www.colegiomanuelbulnes.cl\/index.php?rest_route=%2Fwp%2Fv2%2Fcategories&post=3964"},{"taxonomy":"post_tag","embeddable":true,"href":"https:\/\/www.colegiomanuelbulnes.cl\/index.php?rest_route=%2Fwp%2Fv2%2Ftags&post=3964"}],"curies":[{"name":"wp","href":"https:\/\/api.w.org\/{rel}","templated":true}]}}