{"id":4636,"date":"2020-06-25T11:36:08","date_gmt":"2020-06-25T15:36:08","guid":{"rendered":"http:\/\/www.colegiomanuelbulnes.cl\/?p=4636"},"modified":"2020-06-25T11:36:10","modified_gmt":"2020-06-25T15:36:10","slug":"proyecto-ecologico-y-cientifico-1-y-2-basico","status":"publish","type":"post","link":"https:\/\/www.colegiomanuelbulnes.cl\/?p=4636","title":{"rendered":"Proyecto ecol\u00f3gico y cient\u00edfico 1\u00b0 y 2\u00b0 b\u00e1sico"},"content":{"rendered":"\n<p> \ud83c\udf1e\ud83c\udf1e\ud83c\udf1e\ud83c\udf1e\u00a0\ud83d\udc68\u200d\ud83c\udfeb\ud83d\udc68\u200d\ud83c\udfeb\ud83d\udc68\u200d\ud83c\udfeb\ud83d\udc68\u200d\ud83c\udfeb\ud83d\ude4b\u200d\u2642\ufe0f\ud83c\udf1e\ud83c\udf1e\ud83c\udf1e\ud83c\udf1e<br>QUEREMOS COMPARTIR JUNTO A NUESTRA COMUNIDAD EDUCATIVA SUSTENTABLE, ESTE VIDEO INSTRUCTIVO, PROYECTO CIENT\u00cdFICO ECOL\u00d3GICO DENOMINADO \u201cAPRENDO CULTIVANDO\u201d INSERTADO EN NUESTROS PLAN DE ESTUDIOS DE NUESTRA INSTITUCI\u00d3N, PARA NUESTROS ALUMNOS(AS) DE PRIMERO Y SEGUNDO A\u00d1O B\u00c1SICO, RECOMENDAMOS QUE LO PUEDAN HACER JUNTO A SUS FAMILIAS. \u201cTODOS JUNTOS AYUDAMOS AL PLANETA Y NO LO OLVIDES,\ud83d\udc69\u200d\ud83c\udf93\u00a0SUBE TU VIDEO. MUCHO \u00c9XITO.\u00a0\ud83c\udf1e\ud83c\udf1e\ud83c\udf1e\ud83c\udf1e\ud83c\udf33\ud83c\udf33\ud83c\udf33\ud83c\udf33\ud83c\udf3f\ud83c\udf3f\ud83c\udf3f\ud83c\udf3f\ud83c\udf40\ud83c\udf40\ud83c\udf40\ud83c\udf40\ud83c\udf1e\ud83c\udf1e\ud83c\udf1e\ud83c\udf1e <\/p>\n\n\n\n<figure class=\"wp-block-embed-youtube wp-block-embed is-type-video is-provider-youtube wp-embed-aspect-16-9 wp-has-aspect-ratio\"><div class=\"wp-block-embed__wrapper\">\nhttps:\/\/www.youtube.com\/watch?v=zJoOJDxF2Wk&#038;fbclid=IwAR1N8nbFpIvU5mP7eSl1uX7Mx9l6J_SuVKdasDRvfo9-SqfSeSplEkSa8eM\n<\/div><\/figure>\n","protected":false},"excerpt":{"rendered":"<p>\ud83c\udf1e\ud83c\udf1e\ud83c\udf1e\ud83c\udf1e\u00a0\ud83d\udc68\u200d\ud83c\udfeb\ud83d\udc68\u200d\ud83c\udfeb\ud83d\udc68\u200d\ud83c\udfeb\ud83d\udc68\u200d\ud83c\udfeb\ud83d\ude4b\u200d\u2642\ufe0f\ud83c\udf1e\ud83c\udf1e\ud83c\udf1e\ud83c\udf1eQUEREMOS COMPARTIR JUNTO A NUESTRA COMUNIDAD EDUCATIVA SUSTENTABLE, ESTE VIDEO INSTRUCTIVO, PROYECTO CIENT\u00cdFICO ECOL\u00d3GICO DENOMINADO \u201cAPRENDO CULTIVANDO\u201d INSERTADO EN NUESTROS PLAN DE ESTUDIOS DE NUESTRA INSTITUCI\u00d3N, PARA NUESTROS ALUMNOS(AS) DE PRIMERO Y SEGUNDO A\u00d1O B\u00c1SICO, RECOMENDAMOS QUE LO PUEDAN HACER JUNTO A SUS FAMILIAS. \u201cTODOS JUNTOS AYUDAMOS AL PLANETA Y NO LO OLVIDES,\ud83d\udc69\u200d\ud83c\udf93\u00a0SUBE TU VIDEO. [&hellip;]<\/p>\n","protected":false},"author":1,"featured_media":4637,"comment_status":"closed","ping_status":"open","sticky":false,"template":"","format":"standard","meta":{"footnotes":""},"categories":[3],"tags":[],"_links":{"self":[{"href":"https:\/\/www.colegiomanuelbulnes.cl\/index.php?rest_route=\/wp\/v2\/posts\/4636"}],"collection":[{"href":"https:\/\/www.colegiomanuelbulnes.cl\/index.php?rest_route=\/wp\/v2\/posts"}],"about":[{"href":"https:\/\/www.colegiomanuelbulnes.cl\/index.php?rest_route=\/wp\/v2\/types\/post"}],"author":[{"embeddable":true,"href":"https:\/\/www.colegiomanuelbulnes.cl\/index.php?rest_route=\/wp\/v2\/users\/1"}],"replies":[{"embeddable":true,"href":"https:\/\/www.colegiomanuelbulnes.cl\/index.php?rest_route=%2Fwp%2Fv2%2Fcomments&post=4636"}],"version-history":[{"count":1,"href":"https:\/\/www.colegiomanuelbulnes.cl\/index.php?rest_route=\/wp\/v2\/posts\/4636\/revisions"}],"predecessor-version":[{"id":4638,"href":"https:\/\/www.colegiomanuelbulnes.cl\/index.php?rest_route=\/wp\/v2\/posts\/4636\/revisions\/4638"}],"wp:featuredmedia":[{"embeddable":true,"href":"https:\/\/www.colegiomanuelbulnes.cl\/index.php?rest_route=\/wp\/v2\/media\/4637"}],"wp:attachment":[{"href":"https:\/\/www.colegiomanuelbulnes.cl\/index.php?rest_route=%2Fwp%2Fv2%2Fmedia&parent=4636"}],"wp:term":[{"taxonomy":"category","embeddable":true,"href":"https:\/\/www.colegiomanuelbulnes.cl\/index.php?rest_route=%2Fwp%2Fv2%2Fcategories&post=4636"},{"taxonomy":"post_tag","embeddable":true,"href":"https:\/\/www.colegiomanuelbulnes.cl\/index.php?rest_route=%2Fwp%2Fv2%2Ftags&post=4636"}],"curies":[{"name":"wp","href":"https:\/\/api.w.org\/{rel}","templated":true}]}}