{"id":5630,"date":"2020-08-17T12:29:33","date_gmt":"2020-08-17T16:29:33","guid":{"rendered":"http:\/\/www.colegiomanuelbulnes.cl\/?p=5630"},"modified":"2020-08-17T12:29:35","modified_gmt":"2020-08-17T16:29:35","slug":"horario-de-clases-online-semana-17-21-agosto","status":"publish","type":"post","link":"https:\/\/www.colegiomanuelbulnes.cl\/?p=5630","title":{"rendered":"Horario de clases online Semana 17-21 Agosto"},"content":{"rendered":"\n<h4 class=\"wp-block-heading\"> Horarios de clases de esta semana para primer ciclo (de 1er a\u00f1o b\u00e1sico a 4to a\u00f1o b\u00e1sico)  <\/h4>\n\n\n\n<figure class=\"wp-block-image\"><img loading=\"lazy\" decoding=\"async\" width=\"728\" height=\"960\" src=\"https:\/\/www.colegiomanuelbulnes.cl\/wp-content\/uploads\/2020\/08\/1er.jpg\" alt=\"\" class=\"wp-image-5631\" srcset=\"https:\/\/www.colegiomanuelbulnes.cl\/wp-content\/uploads\/2020\/08\/1er.jpg 728w, https:\/\/www.colegiomanuelbulnes.cl\/wp-content\/uploads\/2020\/08\/1er-228x300.jpg 228w\" sizes=\"(max-width: 728px) 100vw, 728px\" \/><\/figure>\n\n\n\n<h4 class=\"wp-block-heading\">\n\nHorarios de clases de esta semana para segundo ciclo (de 5to a\u00f1o b\u00e1sico a 8vo a\u00f1o b\u00e1sico)\n\n<\/h4>\n\n\n\n<figure class=\"wp-block-image\"><img loading=\"lazy\" decoding=\"async\" width=\"728\" height=\"960\" src=\"https:\/\/www.colegiomanuelbulnes.cl\/wp-content\/uploads\/2020\/08\/2do.jpg\" alt=\"\" class=\"wp-image-5632\" srcset=\"https:\/\/www.colegiomanuelbulnes.cl\/wp-content\/uploads\/2020\/08\/2do.jpg 728w, https:\/\/www.colegiomanuelbulnes.cl\/wp-content\/uploads\/2020\/08\/2do-228x300.jpg 228w\" sizes=\"(max-width: 728px) 100vw, 728px\" \/><\/figure>\n","protected":false},"excerpt":{"rendered":"<p>Horarios de clases de esta semana para primer ciclo (de 1er a\u00f1o b\u00e1sico a 4to a\u00f1o b\u00e1sico) Horarios de clases de esta semana para segundo ciclo (de 5to a\u00f1o b\u00e1sico a 8vo a\u00f1o b\u00e1sico)<\/p>\n","protected":false},"author":1,"featured_media":5633,"comment_status":"closed","ping_status":"open","sticky":false,"template":"","format":"standard","meta":{"footnotes":""},"categories":[3],"tags":[],"_links":{"self":[{"href":"https:\/\/www.colegiomanuelbulnes.cl\/index.php?rest_route=\/wp\/v2\/posts\/5630"}],"collection":[{"href":"https:\/\/www.colegiomanuelbulnes.cl\/index.php?rest_route=\/wp\/v2\/posts"}],"about":[{"href":"https:\/\/www.colegiomanuelbulnes.cl\/index.php?rest_route=\/wp\/v2\/types\/post"}],"author":[{"embeddable":true,"href":"https:\/\/www.colegiomanuelbulnes.cl\/index.php?rest_route=\/wp\/v2\/users\/1"}],"replies":[{"embeddable":true,"href":"https:\/\/www.colegiomanuelbulnes.cl\/index.php?rest_route=%2Fwp%2Fv2%2Fcomments&post=5630"}],"version-history":[{"count":1,"href":"https:\/\/www.colegiomanuelbulnes.cl\/index.php?rest_route=\/wp\/v2\/posts\/5630\/revisions"}],"predecessor-version":[{"id":5634,"href":"https:\/\/www.colegiomanuelbulnes.cl\/index.php?rest_route=\/wp\/v2\/posts\/5630\/revisions\/5634"}],"wp:featuredmedia":[{"embeddable":true,"href":"https:\/\/www.colegiomanuelbulnes.cl\/index.php?rest_route=\/wp\/v2\/media\/5633"}],"wp:attachment":[{"href":"https:\/\/www.colegiomanuelbulnes.cl\/index.php?rest_route=%2Fwp%2Fv2%2Fmedia&parent=5630"}],"wp:term":[{"taxonomy":"category","embeddable":true,"href":"https:\/\/www.colegiomanuelbulnes.cl\/index.php?rest_route=%2Fwp%2Fv2%2Fcategories&post=5630"},{"taxonomy":"post_tag","embeddable":true,"href":"https:\/\/www.colegiomanuelbulnes.cl\/index.php?rest_route=%2Fwp%2Fv2%2Ftags&post=5630"}],"curies":[{"name":"wp","href":"https:\/\/api.w.org\/{rel}","templated":true}]}}