{"id":6310,"date":"2020-10-09T12:16:52","date_gmt":"2020-10-09T16:16:52","guid":{"rendered":"http:\/\/www.colegiomanuelbulnes.cl\/?p=6310"},"modified":"2020-10-09T12:16:55","modified_gmt":"2020-10-09T16:16:55","slug":"vacunacion-escolar-2020","status":"publish","type":"post","link":"https:\/\/www.colegiomanuelbulnes.cl\/?p=6310","title":{"rendered":"Vacunaci\u00f3n escolar 2020"},"content":{"rendered":"\n<p>Estimada comunidad educativa compartimos con ustedes el horario de la vacunaci\u00f3n escolar correspondiente al a\u00f1o 2020. Rogamos a quienes acompa\u00f1en a sus pupilos el d\u00eda de la vacunaci\u00f3n, tomar todas las medidas de precauci\u00f3n para prevenir el contagio, establecidas por el Ministerio de salud.Se adjunta el link con una carta informativa enviadas desde el Cesfam Oscar Bonilla, en la cual se detalla toda la informaci\u00f3n respectiva a la vacunaci\u00f3n correspondiente a cada curso. Es un documento \u00fanico en donde esta el detalle de cada nivel. <\/p>\n\n\n\n<figure class=\"wp-block-image\"><img loading=\"lazy\" decoding=\"async\" width=\"960\" height=\"720\" src=\"https:\/\/www.colegiomanuelbulnes.cl\/wp-content\/uploads\/2020\/10\/VACUNACI\u00d3N-2020.png\" alt=\"\" class=\"wp-image-6311\" srcset=\"https:\/\/www.colegiomanuelbulnes.cl\/wp-content\/uploads\/2020\/10\/VACUNACI\u00d3N-2020.png 960w, https:\/\/www.colegiomanuelbulnes.cl\/wp-content\/uploads\/2020\/10\/VACUNACI\u00d3N-2020-300x225.png 300w, https:\/\/www.colegiomanuelbulnes.cl\/wp-content\/uploads\/2020\/10\/VACUNACI\u00d3N-2020-768x576.png 768w\" sizes=\"(max-width: 960px) 100vw, 960px\" \/><\/figure>\n\n\n\n<div class=\"wp-block-file\"><a href=\"https:\/\/www.colegiomanuelbulnes.cl\/wp-content\/uploads\/2020\/10\/CARTAS-INFORMATIVA-APODERADOS-VACUNACI\u00d3N-ESCOLAR-2020.docx\">CARTAS INFORMATIVA APODERADOS VACUNACI\u00d3N ESCOLAR 2020<\/a><a href=\"https:\/\/www.colegiomanuelbulnes.cl\/wp-content\/uploads\/2020\/10\/CARTAS-INFORMATIVA-APODERADOS-VACUNACI\u00d3N-ESCOLAR-2020.docx\" class=\"wp-block-file__button\" download>Descarga<\/a><\/div>\n","protected":false},"excerpt":{"rendered":"<p>Estimada comunidad educativa compartimos con ustedes el horario de la vacunaci\u00f3n escolar correspondiente al a\u00f1o 2020. Rogamos a quienes acompa\u00f1en a sus pupilos el d\u00eda de la vacunaci\u00f3n, tomar todas las medidas de precauci\u00f3n para prevenir el contagio, establecidas por el Ministerio de salud.Se adjunta el link con una carta informativa enviadas desde el Cesfam [&hellip;]<\/p>\n","protected":false},"author":1,"featured_media":6311,"comment_status":"closed","ping_status":"open","sticky":false,"template":"","format":"standard","meta":{"footnotes":""},"categories":[3],"tags":[],"_links":{"self":[{"href":"https:\/\/www.colegiomanuelbulnes.cl\/index.php?rest_route=\/wp\/v2\/posts\/6310"}],"collection":[{"href":"https:\/\/www.colegiomanuelbulnes.cl\/index.php?rest_route=\/wp\/v2\/posts"}],"about":[{"href":"https:\/\/www.colegiomanuelbulnes.cl\/index.php?rest_route=\/wp\/v2\/types\/post"}],"author":[{"embeddable":true,"href":"https:\/\/www.colegiomanuelbulnes.cl\/index.php?rest_route=\/wp\/v2\/users\/1"}],"replies":[{"embeddable":true,"href":"https:\/\/www.colegiomanuelbulnes.cl\/index.php?rest_route=%2Fwp%2Fv2%2Fcomments&post=6310"}],"version-history":[{"count":1,"href":"https:\/\/www.colegiomanuelbulnes.cl\/index.php?rest_route=\/wp\/v2\/posts\/6310\/revisions"}],"predecessor-version":[{"id":6313,"href":"https:\/\/www.colegiomanuelbulnes.cl\/index.php?rest_route=\/wp\/v2\/posts\/6310\/revisions\/6313"}],"wp:featuredmedia":[{"embeddable":true,"href":"https:\/\/www.colegiomanuelbulnes.cl\/index.php?rest_route=\/wp\/v2\/media\/6311"}],"wp:attachment":[{"href":"https:\/\/www.colegiomanuelbulnes.cl\/index.php?rest_route=%2Fwp%2Fv2%2Fmedia&parent=6310"}],"wp:term":[{"taxonomy":"category","embeddable":true,"href":"https:\/\/www.colegiomanuelbulnes.cl\/index.php?rest_route=%2Fwp%2Fv2%2Fcategories&post=6310"},{"taxonomy":"post_tag","embeddable":true,"href":"https:\/\/www.colegiomanuelbulnes.cl\/index.php?rest_route=%2Fwp%2Fv2%2Ftags&post=6310"}],"curies":[{"name":"wp","href":"https:\/\/api.w.org\/{rel}","templated":true}]}}