{"id":633,"date":"2018-05-14T18:18:26","date_gmt":"2018-05-14T22:18:26","guid":{"rendered":"http:\/\/www.colegiomanuelbulnes.cl\/?p=633"},"modified":"2018-05-14T18:44:30","modified_gmt":"2018-05-14T22:44:30","slug":"colegio-manuel-bulnes-a-traves-de-su-departamento-de-convivencia-escolar-y-social-entrega-ayuda-a-sus-apoderados-inmigrantes","status":"publish","type":"post","link":"https:\/\/www.colegiomanuelbulnes.cl\/?p=633","title":{"rendered":"COLEGIO MANUEL BULNES, A TRAV\u00c9S DE SU DEPARTAMENTO DE CONVIVENCIA ESCOLAR Y SOCIAL, ENTREGA AYUDA A SUS APODERADOS, INMIGRANTES."},"content":{"rendered":"<p><img loading=\"lazy\" decoding=\"async\" class=\"aligncenter wp-image-634 size-full\" src=\"https:\/\/www.colegiomanuelbulnes.cl\/wp-content\/uploads\/2018\/05\/32186668_1042320112583869_6919738444717490176_o.jpg\" alt=\"\" width=\"1728\" height=\"1296\" srcset=\"https:\/\/www.colegiomanuelbulnes.cl\/wp-content\/uploads\/2018\/05\/32186668_1042320112583869_6919738444717490176_o.jpg 1728w, https:\/\/www.colegiomanuelbulnes.cl\/wp-content\/uploads\/2018\/05\/32186668_1042320112583869_6919738444717490176_o-300x225.jpg 300w, https:\/\/www.colegiomanuelbulnes.cl\/wp-content\/uploads\/2018\/05\/32186668_1042320112583869_6919738444717490176_o-768x576.jpg 768w, https:\/\/www.colegiomanuelbulnes.cl\/wp-content\/uploads\/2018\/05\/32186668_1042320112583869_6919738444717490176_o-1024x768.jpg 1024w\" sizes=\"(max-width: 1728px) 100vw, 1728px\" \/><\/p>\n<p>Como parte de un deber \u00e9tico y moral califico la directora del establecimiento, la Se\u00f1ora Marta M\u00e9ndez Espinoza, la ayuda a trav\u00e9s del Departamento de Convivencia Escolar y Social del Colegio Manuel Bulnes, qui\u00e9nes realizaron la campa\u00f1a de ayuda solidaria a una familia de inmigrantes haitianos que son parte de nuestra comunidad educativa. \u201cEsta<span class=\"text_exposed_show\">mos muy contentos de recibir hermanos latinoamericanos, de distintos puntos del continente como hermanos colombianos, venezolanos y chinos, ellos se incorporaron durante el a\u00f1o acad\u00e9mico 2018, adscribi\u00e9ndose a la gratuidad y permitiendo un trabajo inclusivo y colaborativo entre todos los funcionarios, alumnos(as) y apoderados haci\u00e9ndolos sentir c\u00f3modos e insert\u00e1ndolos en nuestra comunidad educativa, ense\u00f1\u00e1ndole nuestra cultura y ellos ense\u00f1\u00e1ndonos la suya, haciendo un proceso educativa rico en vivencias y experiencias de la realidad que viven\u201d. Asimismo, este departamento presta colaboraci\u00f3n a nuestros alumnos(as) para resolver situaciones de convivencia escolar y prevenci\u00f3n del Bullying, fomentar la vida saludable, inclusi\u00f3n social, alumnos con enfermedades complejas, apoderados que han sido afectados por incendios en sus casas habitaciones, adultos mayores en situaci\u00f3n de riesgo social y apoderados con dificultades econ\u00f3micas, estos son parte de los objetivos de este Departamento, prestar colaboraci\u00f3n y ayuda a nuestra comunidad educativa.<br \/>\n\u201cNos sentimos orgullosos como instituci\u00f3n con la creaci\u00f3n de este nuevo departamento que se pone a disposici\u00f3n de todos quienes lo necesiten porque creemos; DONDE HAY EDUCACION NO HAY DISTINCION DE CLASES\u201d, Se\u00f1al\u00f3 su Directora<\/span><\/p>\n","protected":false},"excerpt":{"rendered":"<p>Como parte de un deber \u00e9tico y moral califico la directora del establecimiento, la Se\u00f1ora Marta M\u00e9ndez Espinoza, la ayuda a trav\u00e9s del Departamento de Convivencia Escolar y Social del Colegio Manuel Bulnes, qui\u00e9nes realizaron la campa\u00f1a de ayuda solidaria a una familia de inmigrantes haitianos que son parte de nuestra comunidad educativa. \u201cEstamos muy [&hellip;]<\/p>\n","protected":false},"author":1,"featured_media":640,"comment_status":"open","ping_status":"open","sticky":false,"template":"","format":"standard","meta":{"footnotes":""},"categories":[3],"tags":[],"_links":{"self":[{"href":"https:\/\/www.colegiomanuelbulnes.cl\/index.php?rest_route=\/wp\/v2\/posts\/633"}],"collection":[{"href":"https:\/\/www.colegiomanuelbulnes.cl\/index.php?rest_route=\/wp\/v2\/posts"}],"about":[{"href":"https:\/\/www.colegiomanuelbulnes.cl\/index.php?rest_route=\/wp\/v2\/types\/post"}],"author":[{"embeddable":true,"href":"https:\/\/www.colegiomanuelbulnes.cl\/index.php?rest_route=\/wp\/v2\/users\/1"}],"replies":[{"embeddable":true,"href":"https:\/\/www.colegiomanuelbulnes.cl\/index.php?rest_route=%2Fwp%2Fv2%2Fcomments&post=633"}],"version-history":[{"count":1,"href":"https:\/\/www.colegiomanuelbulnes.cl\/index.php?rest_route=\/wp\/v2\/posts\/633\/revisions"}],"predecessor-version":[{"id":635,"href":"https:\/\/www.colegiomanuelbulnes.cl\/index.php?rest_route=\/wp\/v2\/posts\/633\/revisions\/635"}],"wp:featuredmedia":[{"embeddable":true,"href":"https:\/\/www.colegiomanuelbulnes.cl\/index.php?rest_route=\/wp\/v2\/media\/640"}],"wp:attachment":[{"href":"https:\/\/www.colegiomanuelbulnes.cl\/index.php?rest_route=%2Fwp%2Fv2%2Fmedia&parent=633"}],"wp:term":[{"taxonomy":"category","embeddable":true,"href":"https:\/\/www.colegiomanuelbulnes.cl\/index.php?rest_route=%2Fwp%2Fv2%2Fcategories&post=633"},{"taxonomy":"post_tag","embeddable":true,"href":"https:\/\/www.colegiomanuelbulnes.cl\/index.php?rest_route=%2Fwp%2Fv2%2Ftags&post=633"}],"curies":[{"name":"wp","href":"https:\/\/api.w.org\/{rel}","templated":true}]}}