{"id":667,"date":"2018-05-31T16:54:22","date_gmt":"2018-05-31T20:54:22","guid":{"rendered":"http:\/\/www.colegiomanuelbulnes.cl\/?p=667"},"modified":"2018-05-31T17:41:29","modified_gmt":"2018-05-31T21:41:29","slug":"charla-sobre-transito-y-seguridad-vial","status":"publish","type":"post","link":"https:\/\/www.colegiomanuelbulnes.cl\/?p=667","title":{"rendered":"Charla sobre Tr\u00e1nsito y Seguridad V\u00edal"},"content":{"rendered":"<p style=\"text-align: center;\"><span style=\"font-family: georgia, palatino, serif;\"><strong>ALUMNOS DEL COLEGIO MANUEL BULNES SE CAPACITAN EN TR\u00c1NSITO VIAL<\/strong>.<\/span><\/p>\n<p style=\"text-align: left;\">El d\u00eda martes 29 de mayo, se desarroll\u00f3 en el sal\u00f3n auditorio del Colegio Manuel Bulnes una jornada de capacitaci\u00f3n relacionada con <strong><em>\u201cTr\u00e1nsito Vial\u201d<\/em><\/strong> con alumnos de Tercero y Cuarto a\u00f1o B\u00e1sico de la jornada de la ma\u00f1ana, en esta ocasi\u00f3n asistieron de la oficina de Integraci\u00f3n Comunitaria de la 1\u00b0 Comisar\u00eda de Linares, encabezado por el suboficial Mayor Juan M\u00e9ndez C\u00e1ceres y el Sargento Primero Cristian Manr\u00edquez Astudillo, el objetivo de esta actividad es potenciar y reforzar los conocimientos\u00a0\u00a0 en tr\u00e1nsito vial, se\u00f1alizaci\u00f3n y autocuidado Vial. En la ocasi\u00f3n los alumnos(as) participaron activamente contando experiencias y haciendo preguntas, asimismo los Padres\u00a0y Apoderados valoraron esta iniciativa para sus pupilos. Mientras m\u00e1s peque\u00f1os aprendan sobre estos temas, tendremos mejores ciudadanos\u00a0 que nos permitan convivir armoniosamente, \u00a0evitando accidentes y p\u00e9rdidas humanas.<\/p>\n<p>&nbsp;<\/p>\n\n\t\t<style type=\"text\/css\">\n\t\t\t#gallery-1 {\n\t\t\t\tmargin: auto;\n\t\t\t}\n\t\t\t#gallery-1 .gallery-item {\n\t\t\t\tfloat: left;\n\t\t\t\tmargin-top: 10px;\n\t\t\t\ttext-align: center;\n\t\t\t\twidth: 50%;\n\t\t\t}\n\t\t\t#gallery-1 img {\n\t\t\t\tborder: 2px solid #cfcfcf;\n\t\t\t}\n\t\t\t#gallery-1 .gallery-caption {\n\t\t\t\tmargin-left: 0;\n\t\t\t}\n\t\t\t\/* see gallery_shortcode() in wp-includes\/media.php *\/\n\t\t<\/style>\n\t\t<div id='gallery-1' class='gallery galleryid-667 gallery-columns-2 gallery-size-medium'><dl class='gallery-item'>\n\t\t\t<dt class='gallery-icon landscape'>\n\t\t\t\t<a href='https:\/\/www.colegiomanuelbulnes.cl\/?attachment_id=669'><img loading=\"lazy\" decoding=\"async\" width=\"300\" height=\"225\" src=\"https:\/\/www.colegiomanuelbulnes.cl\/wp-content\/uploads\/2018\/05\/charla-1-300x225.jpg\" class=\"attachment-medium size-medium\" alt=\"\" srcset=\"https:\/\/www.colegiomanuelbulnes.cl\/wp-content\/uploads\/2018\/05\/charla-1-300x225.jpg 300w, https:\/\/www.colegiomanuelbulnes.cl\/wp-content\/uploads\/2018\/05\/charla-1-768x576.jpg 768w, https:\/\/www.colegiomanuelbulnes.cl\/wp-content\/uploads\/2018\/05\/charla-1.jpg 923w\" sizes=\"(max-width: 300px) 100vw, 300px\" \/><\/a>\n\t\t\t<\/dt><\/dl><dl class='gallery-item'>\n\t\t\t<dt class='gallery-icon landscape'>\n\t\t\t\t<a href='https:\/\/www.colegiomanuelbulnes.cl\/?attachment_id=670'><img loading=\"lazy\" decoding=\"async\" width=\"300\" height=\"225\" src=\"https:\/\/www.colegiomanuelbulnes.cl\/wp-content\/uploads\/2018\/05\/charla-2-300x225.jpg\" class=\"attachment-medium size-medium\" alt=\"\" srcset=\"https:\/\/www.colegiomanuelbulnes.cl\/wp-content\/uploads\/2018\/05\/charla-2-300x225.jpg 300w, https:\/\/www.colegiomanuelbulnes.cl\/wp-content\/uploads\/2018\/05\/charla-2-768x576.jpg 768w, https:\/\/www.colegiomanuelbulnes.cl\/wp-content\/uploads\/2018\/05\/charla-2.jpg 896w\" sizes=\"(max-width: 300px) 100vw, 300px\" \/><\/a>\n\t\t\t<\/dt><\/dl><br style=\"clear: both\" \/><dl class='gallery-item'>\n\t\t\t<dt class='gallery-icon landscape'>\n\t\t\t\t<a href='https:\/\/www.colegiomanuelbulnes.cl\/?attachment_id=671'><img loading=\"lazy\" decoding=\"async\" width=\"300\" height=\"225\" src=\"https:\/\/www.colegiomanuelbulnes.cl\/wp-content\/uploads\/2018\/05\/charla-3-300x225.jpg\" class=\"attachment-medium size-medium\" alt=\"\" srcset=\"https:\/\/www.colegiomanuelbulnes.cl\/wp-content\/uploads\/2018\/05\/charla-3-300x225.jpg 300w, https:\/\/www.colegiomanuelbulnes.cl\/wp-content\/uploads\/2018\/05\/charla-3-768x576.jpg 768w, https:\/\/www.colegiomanuelbulnes.cl\/wp-content\/uploads\/2018\/05\/charla-3.jpg 1007w\" sizes=\"(max-width: 300px) 100vw, 300px\" \/><\/a>\n\t\t\t<\/dt><\/dl><dl class='gallery-item'>\n\t\t\t<dt class='gallery-icon landscape'>\n\t\t\t\t<a href='https:\/\/www.colegiomanuelbulnes.cl\/?attachment_id=672'><img loading=\"lazy\" decoding=\"async\" width=\"300\" height=\"225\" src=\"https:\/\/www.colegiomanuelbulnes.cl\/wp-content\/uploads\/2018\/05\/charla-4-300x225.jpg\" class=\"attachment-medium size-medium\" alt=\"\" srcset=\"https:\/\/www.colegiomanuelbulnes.cl\/wp-content\/uploads\/2018\/05\/charla-4-300x225.jpg 300w, https:\/\/www.colegiomanuelbulnes.cl\/wp-content\/uploads\/2018\/05\/charla-4-768x576.jpg 768w, https:\/\/www.colegiomanuelbulnes.cl\/wp-content\/uploads\/2018\/05\/charla-4.jpg 820w\" sizes=\"(max-width: 300px) 100vw, 300px\" \/><\/a>\n\t\t\t<\/dt><\/dl><br style=\"clear: both\" \/>\n\t\t<\/div>\n\n","protected":false},"excerpt":{"rendered":"<p>ALUMNOS DEL COLEGIO MANUEL BULNES SE CAPACITAN EN TR\u00c1NSITO VIAL. El d\u00eda martes 29 de mayo, se desarroll\u00f3 en el sal\u00f3n auditorio del Colegio Manuel Bulnes una jornada de capacitaci\u00f3n relacionada con \u201cTr\u00e1nsito Vial\u201d con alumnos de Tercero y Cuarto a\u00f1o B\u00e1sico de la jornada de la ma\u00f1ana, en esta ocasi\u00f3n asistieron de la oficina [&hellip;]<\/p>\n","protected":false},"author":1,"featured_media":668,"comment_status":"closed","ping_status":"open","sticky":false,"template":"","format":"standard","meta":{"footnotes":""},"categories":[3],"tags":[],"_links":{"self":[{"href":"https:\/\/www.colegiomanuelbulnes.cl\/index.php?rest_route=\/wp\/v2\/posts\/667"}],"collection":[{"href":"https:\/\/www.colegiomanuelbulnes.cl\/index.php?rest_route=\/wp\/v2\/posts"}],"about":[{"href":"https:\/\/www.colegiomanuelbulnes.cl\/index.php?rest_route=\/wp\/v2\/types\/post"}],"author":[{"embeddable":true,"href":"https:\/\/www.colegiomanuelbulnes.cl\/index.php?rest_route=\/wp\/v2\/users\/1"}],"replies":[{"embeddable":true,"href":"https:\/\/www.colegiomanuelbulnes.cl\/index.php?rest_route=%2Fwp%2Fv2%2Fcomments&post=667"}],"version-history":[{"count":6,"href":"https:\/\/www.colegiomanuelbulnes.cl\/index.php?rest_route=\/wp\/v2\/posts\/667\/revisions"}],"predecessor-version":[{"id":1354,"href":"https:\/\/www.colegiomanuelbulnes.cl\/index.php?rest_route=\/wp\/v2\/posts\/667\/revisions\/1354"}],"wp:featuredmedia":[{"embeddable":true,"href":"https:\/\/www.colegiomanuelbulnes.cl\/index.php?rest_route=\/wp\/v2\/media\/668"}],"wp:attachment":[{"href":"https:\/\/www.colegiomanuelbulnes.cl\/index.php?rest_route=%2Fwp%2Fv2%2Fmedia&parent=667"}],"wp:term":[{"taxonomy":"category","embeddable":true,"href":"https:\/\/www.colegiomanuelbulnes.cl\/index.php?rest_route=%2Fwp%2Fv2%2Fcategories&post=667"},{"taxonomy":"post_tag","embeddable":true,"href":"https:\/\/www.colegiomanuelbulnes.cl\/index.php?rest_route=%2Fwp%2Fv2%2Ftags&post=667"}],"curies":[{"name":"wp","href":"https:\/\/api.w.org\/{rel}","templated":true}]}}