{"id":6974,"date":"2021-02-26T11:48:22","date_gmt":"2021-02-26T15:48:22","guid":{"rendered":"http:\/\/www.colegiomanuelbulnes.cl\/?p=6974"},"modified":"2021-02-26T11:48:24","modified_gmt":"2021-02-26T15:48:24","slug":"primera-reunion-de-padres-y-apoderadosas","status":"publish","type":"post","link":"https:\/\/www.colegiomanuelbulnes.cl\/?p=6974","title":{"rendered":"Primera Reuni\u00f3n de padres y apoderados(as)"},"content":{"rendered":"\n<p>Estimada comunidad educativa, compartimos con ustedes las fechas en las cuales se realizar\u00e1n las primeras reuniones de padres y apoderados(as), las cuales se llevar\u00e1n a cabo de manera ONLINE, por lo cual cada profesor har\u00e1 llegar la informaci\u00f3n para unirse a la reuni\u00f3n. En ellas, se entregar\u00e1n detalles de los distintos lineamientos y protocolos a seguir para el inicio de este nuevo a\u00f1o escolar.<\/p>\n\n\n\n<p><\/p>\n\n\n\n<p>Atentamente   La Direcci\u00f3n. <\/p>\n","protected":false},"excerpt":{"rendered":"<p>Estimada comunidad educativa, compartimos con ustedes las fechas en las cuales se realizar\u00e1n las primeras reuniones de padres y apoderados(as), las cuales se llevar\u00e1n a cabo de manera ONLINE, por lo cual cada profesor har\u00e1 llegar la informaci\u00f3n para unirse a la reuni\u00f3n. En ellas, se entregar\u00e1n detalles de los distintos lineamientos y protocolos a [&hellip;]<\/p>\n","protected":false},"author":1,"featured_media":6975,"comment_status":"closed","ping_status":"open","sticky":false,"template":"","format":"standard","meta":{"footnotes":""},"categories":[3],"tags":[],"_links":{"self":[{"href":"https:\/\/www.colegiomanuelbulnes.cl\/index.php?rest_route=\/wp\/v2\/posts\/6974"}],"collection":[{"href":"https:\/\/www.colegiomanuelbulnes.cl\/index.php?rest_route=\/wp\/v2\/posts"}],"about":[{"href":"https:\/\/www.colegiomanuelbulnes.cl\/index.php?rest_route=\/wp\/v2\/types\/post"}],"author":[{"embeddable":true,"href":"https:\/\/www.colegiomanuelbulnes.cl\/index.php?rest_route=\/wp\/v2\/users\/1"}],"replies":[{"embeddable":true,"href":"https:\/\/www.colegiomanuelbulnes.cl\/index.php?rest_route=%2Fwp%2Fv2%2Fcomments&post=6974"}],"version-history":[{"count":1,"href":"https:\/\/www.colegiomanuelbulnes.cl\/index.php?rest_route=\/wp\/v2\/posts\/6974\/revisions"}],"predecessor-version":[{"id":6976,"href":"https:\/\/www.colegiomanuelbulnes.cl\/index.php?rest_route=\/wp\/v2\/posts\/6974\/revisions\/6976"}],"wp:featuredmedia":[{"embeddable":true,"href":"https:\/\/www.colegiomanuelbulnes.cl\/index.php?rest_route=\/wp\/v2\/media\/6975"}],"wp:attachment":[{"href":"https:\/\/www.colegiomanuelbulnes.cl\/index.php?rest_route=%2Fwp%2Fv2%2Fmedia&parent=6974"}],"wp:term":[{"taxonomy":"category","embeddable":true,"href":"https:\/\/www.colegiomanuelbulnes.cl\/index.php?rest_route=%2Fwp%2Fv2%2Fcategories&post=6974"},{"taxonomy":"post_tag","embeddable":true,"href":"https:\/\/www.colegiomanuelbulnes.cl\/index.php?rest_route=%2Fwp%2Fv2%2Ftags&post=6974"}],"curies":[{"name":"wp","href":"https:\/\/api.w.org\/{rel}","templated":true}]}}