{"id":738,"date":"2018-07-18T12:17:24","date_gmt":"2018-07-18T16:17:24","guid":{"rendered":"http:\/\/www.colegiomanuelbulnes.cl\/?p=738"},"modified":"2018-07-18T12:17:24","modified_gmt":"2018-07-18T16:17:24","slug":"vuelta-a-clases-con-alegria","status":"publish","type":"post","link":"https:\/\/www.colegiomanuelbulnes.cl\/?p=738","title":{"rendered":"Vuelta a clases con alegr\u00eda"},"content":{"rendered":"<p>Informamos a toda nuestra comunidad educativa, que el inicio de clases para este segundo semestre ser\u00e1 el d\u00eda lunes 23 a las 8 am para la jornada de la ma\u00f1ana y horario normal para la jornada de la tarde. Esperamos que hayan tenido unas muy lindas vacaciones con sus familiares y seres queridos, deseando que hayan recargado sus energ\u00edas para afrontar este nuevo semestre.<\/p>\n<p>Esperamos con mucho entusiasmo y cari\u00f1o a todos nuestros alumnos, padres y apoderados, dese\u00e1ndoles el mayor de los \u00e9xitos para este segundo semestre escolar.<\/p>\n","protected":false},"excerpt":{"rendered":"<p>Informamos a toda nuestra comunidad educativa, que el inicio de clases para este segundo semestre ser\u00e1 el d\u00eda lunes 23 a las 8 am para la jornada de la ma\u00f1ana y horario normal para la jornada de la tarde. Esperamos que hayan tenido unas muy lindas vacaciones con sus familiares y seres queridos, deseando que [&hellip;]<\/p>\n","protected":false},"author":1,"featured_media":741,"comment_status":"closed","ping_status":"open","sticky":false,"template":"","format":"standard","meta":{"footnotes":""},"categories":[3],"tags":[],"_links":{"self":[{"href":"https:\/\/www.colegiomanuelbulnes.cl\/index.php?rest_route=\/wp\/v2\/posts\/738"}],"collection":[{"href":"https:\/\/www.colegiomanuelbulnes.cl\/index.php?rest_route=\/wp\/v2\/posts"}],"about":[{"href":"https:\/\/www.colegiomanuelbulnes.cl\/index.php?rest_route=\/wp\/v2\/types\/post"}],"author":[{"embeddable":true,"href":"https:\/\/www.colegiomanuelbulnes.cl\/index.php?rest_route=\/wp\/v2\/users\/1"}],"replies":[{"embeddable":true,"href":"https:\/\/www.colegiomanuelbulnes.cl\/index.php?rest_route=%2Fwp%2Fv2%2Fcomments&post=738"}],"version-history":[{"count":1,"href":"https:\/\/www.colegiomanuelbulnes.cl\/index.php?rest_route=\/wp\/v2\/posts\/738\/revisions"}],"predecessor-version":[{"id":739,"href":"https:\/\/www.colegiomanuelbulnes.cl\/index.php?rest_route=\/wp\/v2\/posts\/738\/revisions\/739"}],"wp:featuredmedia":[{"embeddable":true,"href":"https:\/\/www.colegiomanuelbulnes.cl\/index.php?rest_route=\/wp\/v2\/media\/741"}],"wp:attachment":[{"href":"https:\/\/www.colegiomanuelbulnes.cl\/index.php?rest_route=%2Fwp%2Fv2%2Fmedia&parent=738"}],"wp:term":[{"taxonomy":"category","embeddable":true,"href":"https:\/\/www.colegiomanuelbulnes.cl\/index.php?rest_route=%2Fwp%2Fv2%2Fcategories&post=738"},{"taxonomy":"post_tag","embeddable":true,"href":"https:\/\/www.colegiomanuelbulnes.cl\/index.php?rest_route=%2Fwp%2Fv2%2Ftags&post=738"}],"curies":[{"name":"wp","href":"https:\/\/api.w.org\/{rel}","templated":true}]}}