{"id":7591,"date":"2021-07-26T13:53:35","date_gmt":"2021-07-26T17:53:35","guid":{"rendered":"http:\/\/www.colegiomanuelbulnes.cl\/?p=7591"},"modified":"2021-07-26T17:30:32","modified_gmt":"2021-07-26T21:30:32","slug":"retorno-seguro","status":"publish","type":"post","link":"https:\/\/www.colegiomanuelbulnes.cl\/?p=7591","title":{"rendered":"Retorno Seguro a Clases, Segundo Semestre 2021"},"content":{"rendered":"\n<p>El equipo directivo de nuestro establecimiento, por medio de nuestra Directora, Sra. Marta M\u00e9ndez Espinoza, y de nuestra Jefa de UTP, sra. Magdalena Lillo Sep\u00falveda, dan la bienvenida a nuestros queridos estudiantes, a este segundo semestre acad\u00e9mico, a\u00f1o 2021, enviando mucho \u00e1nimo a toda nuestra comunidad, y dese\u00e1ndoles el mayor \u00e9xito durante este tiempo de adaptaci\u00f3n e incorporaci\u00f3n a las clases mixtas.<\/p>\n\n\n\n<p>Esperamos que juntos podamos salir adelante y, respetando las normativas, podamos derrotar al Coronavirus.<\/p>\n\n\n\n<figure class=\"wp-block-embed-youtube wp-block-embed is-type-video is-provider-youtube wp-embed-aspect-4-3 wp-has-aspect-ratio\"><div class=\"wp-block-embed__wrapper\">\nhttps:\/\/youtu.be\/8tPjWkQaaoM\n<\/div><\/figure>\n","protected":false},"excerpt":{"rendered":"<p>El equipo directivo de nuestro establecimiento, por medio de nuestra Directora, Sra. Marta M\u00e9ndez Espinoza, y de nuestra Jefa de UTP, sra. Magdalena Lillo Sep\u00falveda, dan la bienvenida a nuestros queridos estudiantes, a este segundo semestre acad\u00e9mico, a\u00f1o 2021, enviando mucho \u00e1nimo a toda nuestra comunidad, y dese\u00e1ndoles el mayor \u00e9xito durante este tiempo de [&hellip;]<\/p>\n","protected":false},"author":1,"featured_media":7592,"comment_status":"closed","ping_status":"open","sticky":false,"template":"","format":"standard","meta":{"footnotes":""},"categories":[3],"tags":[],"_links":{"self":[{"href":"https:\/\/www.colegiomanuelbulnes.cl\/index.php?rest_route=\/wp\/v2\/posts\/7591"}],"collection":[{"href":"https:\/\/www.colegiomanuelbulnes.cl\/index.php?rest_route=\/wp\/v2\/posts"}],"about":[{"href":"https:\/\/www.colegiomanuelbulnes.cl\/index.php?rest_route=\/wp\/v2\/types\/post"}],"author":[{"embeddable":true,"href":"https:\/\/www.colegiomanuelbulnes.cl\/index.php?rest_route=\/wp\/v2\/users\/1"}],"replies":[{"embeddable":true,"href":"https:\/\/www.colegiomanuelbulnes.cl\/index.php?rest_route=%2Fwp%2Fv2%2Fcomments&post=7591"}],"version-history":[{"count":4,"href":"https:\/\/www.colegiomanuelbulnes.cl\/index.php?rest_route=\/wp\/v2\/posts\/7591\/revisions"}],"predecessor-version":[{"id":7597,"href":"https:\/\/www.colegiomanuelbulnes.cl\/index.php?rest_route=\/wp\/v2\/posts\/7591\/revisions\/7597"}],"wp:featuredmedia":[{"embeddable":true,"href":"https:\/\/www.colegiomanuelbulnes.cl\/index.php?rest_route=\/wp\/v2\/media\/7592"}],"wp:attachment":[{"href":"https:\/\/www.colegiomanuelbulnes.cl\/index.php?rest_route=%2Fwp%2Fv2%2Fmedia&parent=7591"}],"wp:term":[{"taxonomy":"category","embeddable":true,"href":"https:\/\/www.colegiomanuelbulnes.cl\/index.php?rest_route=%2Fwp%2Fv2%2Fcategories&post=7591"},{"taxonomy":"post_tag","embeddable":true,"href":"https:\/\/www.colegiomanuelbulnes.cl\/index.php?rest_route=%2Fwp%2Fv2%2Ftags&post=7591"}],"curies":[{"name":"wp","href":"https:\/\/api.w.org\/{rel}","templated":true}]}}