{"id":7656,"date":"2021-09-14T11:35:23","date_gmt":"2021-09-14T15:35:23","guid":{"rendered":"http:\/\/www.colegiomanuelbulnes.cl\/?p=7656"},"modified":"2021-09-14T11:35:25","modified_gmt":"2021-09-14T15:35:25","slug":"recomendaciones-covid-19-y-prevencion-de-riesgos-en-fiestas-patrias","status":"publish","type":"post","link":"https:\/\/www.colegiomanuelbulnes.cl\/?p=7656","title":{"rendered":"Recomendaciones Covid 19 y prevenci\u00f3n de riesgos en fiestas patrias."},"content":{"rendered":"\n<p> IMPORTANTE: &#8211; En caso de ser contacto estrecho esperar de 48 a 72 horas para la toma de la PCR. &#8211; En caso de ser caso sospechoso dirigirme al centro asistencial m\u00e1s cercano y realizar la toma de la PCR.<\/p>\n\n\n\n<p>CONSEJO: &#8211; Cada a\u00f1o aumentan los fallecidos en 8 a 10% en fiestas patrias, las principales causas son el exceso de consumo de alcohol, el exceso de velocidad y no cumplimiento de la ley tr\u00e1nsito N\u00b0 18.290, como resultado se genera una tragedia para las familias afectadas.Este a\u00f1o se suma nuevamente una pandemia, s\u00famate al esp\u00edritu de Colegio Manuel Bulnes de Linares, \u00a1cu\u00eddate, la prevenci\u00f3n de riesgos la hacemos todos! <\/p>\n","protected":false},"excerpt":{"rendered":"<p>IMPORTANTE: &#8211; En caso de ser contacto estrecho esperar de 48 a 72 horas para la toma de la PCR. &#8211; En caso de ser caso sospechoso dirigirme al centro asistencial m\u00e1s cercano y realizar la toma de la PCR. CONSEJO: &#8211; Cada a\u00f1o aumentan los fallecidos en 8 a 10% en fiestas patrias, las [&hellip;]<\/p>\n","protected":false},"author":1,"featured_media":7657,"comment_status":"closed","ping_status":"open","sticky":false,"template":"","format":"standard","meta":{"footnotes":""},"categories":[3],"tags":[],"_links":{"self":[{"href":"https:\/\/www.colegiomanuelbulnes.cl\/index.php?rest_route=\/wp\/v2\/posts\/7656"}],"collection":[{"href":"https:\/\/www.colegiomanuelbulnes.cl\/index.php?rest_route=\/wp\/v2\/posts"}],"about":[{"href":"https:\/\/www.colegiomanuelbulnes.cl\/index.php?rest_route=\/wp\/v2\/types\/post"}],"author":[{"embeddable":true,"href":"https:\/\/www.colegiomanuelbulnes.cl\/index.php?rest_route=\/wp\/v2\/users\/1"}],"replies":[{"embeddable":true,"href":"https:\/\/www.colegiomanuelbulnes.cl\/index.php?rest_route=%2Fwp%2Fv2%2Fcomments&post=7656"}],"version-history":[{"count":1,"href":"https:\/\/www.colegiomanuelbulnes.cl\/index.php?rest_route=\/wp\/v2\/posts\/7656\/revisions"}],"predecessor-version":[{"id":7658,"href":"https:\/\/www.colegiomanuelbulnes.cl\/index.php?rest_route=\/wp\/v2\/posts\/7656\/revisions\/7658"}],"wp:featuredmedia":[{"embeddable":true,"href":"https:\/\/www.colegiomanuelbulnes.cl\/index.php?rest_route=\/wp\/v2\/media\/7657"}],"wp:attachment":[{"href":"https:\/\/www.colegiomanuelbulnes.cl\/index.php?rest_route=%2Fwp%2Fv2%2Fmedia&parent=7656"}],"wp:term":[{"taxonomy":"category","embeddable":true,"href":"https:\/\/www.colegiomanuelbulnes.cl\/index.php?rest_route=%2Fwp%2Fv2%2Fcategories&post=7656"},{"taxonomy":"post_tag","embeddable":true,"href":"https:\/\/www.colegiomanuelbulnes.cl\/index.php?rest_route=%2Fwp%2Fv2%2Ftags&post=7656"}],"curies":[{"name":"wp","href":"https:\/\/api.w.org\/{rel}","templated":true}]}}