{"id":7727,"date":"2021-11-24T12:55:56","date_gmt":"2021-11-24T16:55:56","guid":{"rendered":"http:\/\/www.colegiomanuelbulnes.cl\/?p=7727"},"modified":"2021-11-24T12:55:58","modified_gmt":"2021-11-24T16:55:58","slug":"%f0%9f%93%8cexposicion-de-artes-quintos-basicos","status":"publish","type":"post","link":"https:\/\/www.colegiomanuelbulnes.cl\/?p=7727","title":{"rendered":"\ud83d\udcccExposici\u00f3n de Artes Quintos B\u00e1sicos"},"content":{"rendered":"\n<p>Alumnos de Quinto a\u00f1o A y Quinto a\u00f1o B, durante este a\u00f1o pintaron  coloridas obras de arte Naif, identificaron un jard\u00edn en la obra de Joan Mir\u00f3. Conocieron la historia de Vincent van Gogh y su Noche Estrellada, aprendieron a pintar con l\u00e1pices pastel y t\u00e9cnicas con t\u00e9mpera. Se entusiasmaron haciendo con sus manos una ilusi\u00f3n \u00f3ptica. A fin de a\u00f1o reutilizaron las bandejas de huevos para confeccionar llamativos cuadros. Ni\u00f1os\/as siempre encuentren un minuto para dibujar y pintar. El arte es la cura a muchas dolencias.<\/p>\n\n\n\n<figure class=\"wp-block-embed-youtube wp-block-embed is-type-video is-provider-youtube wp-embed-aspect-16-9 wp-has-aspect-ratio\"><div class=\"wp-block-embed__wrapper\">\nhttps:\/\/youtu.be\/CLDWR3SblA8\n<\/div><\/figure>\n","protected":false},"excerpt":{"rendered":"<p>Alumnos de Quinto a\u00f1o A y Quinto a\u00f1o B, durante este a\u00f1o pintaron coloridas obras de arte Naif, identificaron un jard\u00edn en la obra de Joan Mir\u00f3. Conocieron la historia de Vincent van Gogh y su Noche Estrellada, aprendieron a pintar con l\u00e1pices pastel y t\u00e9cnicas con t\u00e9mpera. Se entusiasmaron haciendo con sus manos una [&hellip;]<\/p>\n","protected":false},"author":1,"featured_media":7728,"comment_status":"closed","ping_status":"open","sticky":false,"template":"","format":"standard","meta":{"footnotes":""},"categories":[3],"tags":[],"_links":{"self":[{"href":"https:\/\/www.colegiomanuelbulnes.cl\/index.php?rest_route=\/wp\/v2\/posts\/7727"}],"collection":[{"href":"https:\/\/www.colegiomanuelbulnes.cl\/index.php?rest_route=\/wp\/v2\/posts"}],"about":[{"href":"https:\/\/www.colegiomanuelbulnes.cl\/index.php?rest_route=\/wp\/v2\/types\/post"}],"author":[{"embeddable":true,"href":"https:\/\/www.colegiomanuelbulnes.cl\/index.php?rest_route=\/wp\/v2\/users\/1"}],"replies":[{"embeddable":true,"href":"https:\/\/www.colegiomanuelbulnes.cl\/index.php?rest_route=%2Fwp%2Fv2%2Fcomments&post=7727"}],"version-history":[{"count":1,"href":"https:\/\/www.colegiomanuelbulnes.cl\/index.php?rest_route=\/wp\/v2\/posts\/7727\/revisions"}],"predecessor-version":[{"id":7729,"href":"https:\/\/www.colegiomanuelbulnes.cl\/index.php?rest_route=\/wp\/v2\/posts\/7727\/revisions\/7729"}],"wp:featuredmedia":[{"embeddable":true,"href":"https:\/\/www.colegiomanuelbulnes.cl\/index.php?rest_route=\/wp\/v2\/media\/7728"}],"wp:attachment":[{"href":"https:\/\/www.colegiomanuelbulnes.cl\/index.php?rest_route=%2Fwp%2Fv2%2Fmedia&parent=7727"}],"wp:term":[{"taxonomy":"category","embeddable":true,"href":"https:\/\/www.colegiomanuelbulnes.cl\/index.php?rest_route=%2Fwp%2Fv2%2Fcategories&post=7727"},{"taxonomy":"post_tag","embeddable":true,"href":"https:\/\/www.colegiomanuelbulnes.cl\/index.php?rest_route=%2Fwp%2Fv2%2Ftags&post=7727"}],"curies":[{"name":"wp","href":"https:\/\/api.w.org\/{rel}","templated":true}]}}