{"id":7757,"date":"2021-12-02T14:59:57","date_gmt":"2021-12-02T18:59:57","guid":{"rendered":"http:\/\/www.colegiomanuelbulnes.cl\/?p=7757"},"modified":"2021-12-02T14:59:59","modified_gmt":"2021-12-02T18:59:59","slug":"%f0%9f%93%8cajuste-horario-de-clases-mes-de-diciembre","status":"publish","type":"post","link":"https:\/\/www.colegiomanuelbulnes.cl\/?p=7757","title":{"rendered":"\ud83d\udcccAjuste horario de clases mes de Diciembre."},"content":{"rendered":"\n<p> Estimada comunidad educativa, junto con  saludarles y esperando que se encuentren bien junto a  sus familias, les informamos que a partir del lunes o6 de  diciembre y hasta el viernes 17 de diciembre habr\u00e1 un  ajuste en los horarios de clases para todos los  estudiantes de Educaci\u00f3n B\u00e1sica, tanto presenciales  como online. <\/p>\n\n\n\n<figure class=\"wp-block-image\"><img loading=\"lazy\" decoding=\"async\" width=\"1024\" height=\"576\" src=\"https:\/\/www.colegiomanuelbulnes.cl\/wp-content\/uploads\/2021\/12\/Diapositiva3-1024x576.png\" alt=\"\" class=\"wp-image-7758\" srcset=\"https:\/\/www.colegiomanuelbulnes.cl\/wp-content\/uploads\/2021\/12\/Diapositiva3-1024x576.png 1024w, https:\/\/www.colegiomanuelbulnes.cl\/wp-content\/uploads\/2021\/12\/Diapositiva3-300x169.png 300w, https:\/\/www.colegiomanuelbulnes.cl\/wp-content\/uploads\/2021\/12\/Diapositiva3-768x432.png 768w, https:\/\/www.colegiomanuelbulnes.cl\/wp-content\/uploads\/2021\/12\/Diapositiva3.png 1280w\" sizes=\"(max-width: 1024px) 100vw, 1024px\" \/><\/figure>\n\n\n\n<figure class=\"wp-block-image\"><img loading=\"lazy\" decoding=\"async\" width=\"1024\" height=\"576\" src=\"https:\/\/www.colegiomanuelbulnes.cl\/wp-content\/uploads\/2021\/12\/Diapositiva4-1024x576.png\" alt=\"\" class=\"wp-image-7759\" srcset=\"https:\/\/www.colegiomanuelbulnes.cl\/wp-content\/uploads\/2021\/12\/Diapositiva4-1024x576.png 1024w, https:\/\/www.colegiomanuelbulnes.cl\/wp-content\/uploads\/2021\/12\/Diapositiva4-300x169.png 300w, https:\/\/www.colegiomanuelbulnes.cl\/wp-content\/uploads\/2021\/12\/Diapositiva4-768x432.png 768w, https:\/\/www.colegiomanuelbulnes.cl\/wp-content\/uploads\/2021\/12\/Diapositiva4.png 1280w\" sizes=\"(max-width: 1024px) 100vw, 1024px\" \/><\/figure>\n","protected":false},"excerpt":{"rendered":"<p>Estimada comunidad educativa, junto con saludarles y esperando que se encuentren bien junto a sus familias, les informamos que a partir del lunes o6 de diciembre y hasta el viernes 17 de diciembre habr\u00e1 un ajuste en los horarios de clases para todos los estudiantes de Educaci\u00f3n B\u00e1sica, tanto presenciales como online.<\/p>\n","protected":false},"author":1,"featured_media":7760,"comment_status":"closed","ping_status":"open","sticky":false,"template":"","format":"standard","meta":{"footnotes":""},"categories":[3],"tags":[],"_links":{"self":[{"href":"https:\/\/www.colegiomanuelbulnes.cl\/index.php?rest_route=\/wp\/v2\/posts\/7757"}],"collection":[{"href":"https:\/\/www.colegiomanuelbulnes.cl\/index.php?rest_route=\/wp\/v2\/posts"}],"about":[{"href":"https:\/\/www.colegiomanuelbulnes.cl\/index.php?rest_route=\/wp\/v2\/types\/post"}],"author":[{"embeddable":true,"href":"https:\/\/www.colegiomanuelbulnes.cl\/index.php?rest_route=\/wp\/v2\/users\/1"}],"replies":[{"embeddable":true,"href":"https:\/\/www.colegiomanuelbulnes.cl\/index.php?rest_route=%2Fwp%2Fv2%2Fcomments&post=7757"}],"version-history":[{"count":1,"href":"https:\/\/www.colegiomanuelbulnes.cl\/index.php?rest_route=\/wp\/v2\/posts\/7757\/revisions"}],"predecessor-version":[{"id":7761,"href":"https:\/\/www.colegiomanuelbulnes.cl\/index.php?rest_route=\/wp\/v2\/posts\/7757\/revisions\/7761"}],"wp:featuredmedia":[{"embeddable":true,"href":"https:\/\/www.colegiomanuelbulnes.cl\/index.php?rest_route=\/wp\/v2\/media\/7760"}],"wp:attachment":[{"href":"https:\/\/www.colegiomanuelbulnes.cl\/index.php?rest_route=%2Fwp%2Fv2%2Fmedia&parent=7757"}],"wp:term":[{"taxonomy":"category","embeddable":true,"href":"https:\/\/www.colegiomanuelbulnes.cl\/index.php?rest_route=%2Fwp%2Fv2%2Fcategories&post=7757"},{"taxonomy":"post_tag","embeddable":true,"href":"https:\/\/www.colegiomanuelbulnes.cl\/index.php?rest_route=%2Fwp%2Fv2%2Ftags&post=7757"}],"curies":[{"name":"wp","href":"https:\/\/api.w.org\/{rel}","templated":true}]}}