{"id":7887,"date":"2021-12-27T13:41:03","date_gmt":"2021-12-27T17:41:03","guid":{"rendered":"http:\/\/www.colegiomanuelbulnes.cl\/?p=7887"},"modified":"2021-12-27T13:41:05","modified_gmt":"2021-12-27T17:41:05","slug":"%f0%9f%93%8chorario-de-atencion-y-termino-de-ano","status":"publish","type":"post","link":"https:\/\/www.colegiomanuelbulnes.cl\/?p=7887","title":{"rendered":"\ud83d\udcccHorario de atenci\u00f3n y t\u00e9rmino de a\u00f1o."},"content":{"rendered":"\n<p> Estimada comunidad educativa informamos que los horarios de atenci\u00f3n de esta semana ser\u00e1n los siguientes: Lunes a Jueves en la ma\u00f1ana de 8:30 a 13:00 horas y en la tarde de 14:30 a 18:00 horas. El d\u00eda viernes el establecimiento se encontrar\u00e1 cerrado.<\/p>\n\n\n\n<p>Adem\u00e1s informamos a ustedes que nuestro colegio a partir de la pr\u00f3xima semana se encontrar\u00e1 cerrado por vacaciones de nuestros funcionarios. <\/p>\n\n\n\n<p>Atentamente: La Direcci\u00f3n. <\/p>\n","protected":false},"excerpt":{"rendered":"<p>Estimada comunidad educativa informamos que los horarios de atenci\u00f3n de esta semana ser\u00e1n los siguientes: Lunes a Jueves en la ma\u00f1ana de 8:30 a 13:00 horas y en la tarde de 14:30 a 18:00 horas. El d\u00eda viernes el establecimiento se encontrar\u00e1 cerrado. Adem\u00e1s informamos a ustedes que nuestro colegio a partir de la pr\u00f3xima [&hellip;]<\/p>\n","protected":false},"author":1,"featured_media":7888,"comment_status":"closed","ping_status":"open","sticky":false,"template":"","format":"standard","meta":{"footnotes":""},"categories":[3],"tags":[],"_links":{"self":[{"href":"https:\/\/www.colegiomanuelbulnes.cl\/index.php?rest_route=\/wp\/v2\/posts\/7887"}],"collection":[{"href":"https:\/\/www.colegiomanuelbulnes.cl\/index.php?rest_route=\/wp\/v2\/posts"}],"about":[{"href":"https:\/\/www.colegiomanuelbulnes.cl\/index.php?rest_route=\/wp\/v2\/types\/post"}],"author":[{"embeddable":true,"href":"https:\/\/www.colegiomanuelbulnes.cl\/index.php?rest_route=\/wp\/v2\/users\/1"}],"replies":[{"embeddable":true,"href":"https:\/\/www.colegiomanuelbulnes.cl\/index.php?rest_route=%2Fwp%2Fv2%2Fcomments&post=7887"}],"version-history":[{"count":1,"href":"https:\/\/www.colegiomanuelbulnes.cl\/index.php?rest_route=\/wp\/v2\/posts\/7887\/revisions"}],"predecessor-version":[{"id":7889,"href":"https:\/\/www.colegiomanuelbulnes.cl\/index.php?rest_route=\/wp\/v2\/posts\/7887\/revisions\/7889"}],"wp:featuredmedia":[{"embeddable":true,"href":"https:\/\/www.colegiomanuelbulnes.cl\/index.php?rest_route=\/wp\/v2\/media\/7888"}],"wp:attachment":[{"href":"https:\/\/www.colegiomanuelbulnes.cl\/index.php?rest_route=%2Fwp%2Fv2%2Fmedia&parent=7887"}],"wp:term":[{"taxonomy":"category","embeddable":true,"href":"https:\/\/www.colegiomanuelbulnes.cl\/index.php?rest_route=%2Fwp%2Fv2%2Fcategories&post=7887"},{"taxonomy":"post_tag","embeddable":true,"href":"https:\/\/www.colegiomanuelbulnes.cl\/index.php?rest_route=%2Fwp%2Fv2%2Ftags&post=7887"}],"curies":[{"name":"wp","href":"https:\/\/api.w.org\/{rel}","templated":true}]}}