{"id":7897,"date":"2022-03-11T13:53:06","date_gmt":"2022-03-11T17:53:06","guid":{"rendered":"http:\/\/www.colegiomanuelbulnes.cl\/?p=7897"},"modified":"2022-03-11T13:53:59","modified_gmt":"2022-03-11T17:53:59","slug":"%f0%9f%93%8cestimados-padres-apoderados-y-estudiantes","status":"publish","type":"post","link":"https:\/\/www.colegiomanuelbulnes.cl\/?p=7897","title":{"rendered":"\ud83d\udcccHorario de clases semana del 14 al 18 de Marzo"},"content":{"rendered":"\n<p>Estimados Padres, Apoderados y Estudiantes, <\/p>\n\n\n\n<p>Esperando que se encuentren bien al momento de recibir este mensaje, les informamos que en el documento adjunto hacemos env\u00edo del horario para la pr\u00f3xima semana, que corresponde a los d\u00edas 14 al 18 de marzo. Esperamos que todos est\u00e9n teniendo un buen comienzo del a\u00f1o escolar. Sin otro particular, se despide atentamente, Equipo de Inspector\u00eda Colegio Manuel Bulnes Linares.<\/p>\n\n\n\n<figure class=\"wp-block-image\"><img loading=\"lazy\" decoding=\"async\" width=\"670\" height=\"1024\" src=\"https:\/\/www.colegiomanuelbulnes.cl\/wp-content\/uploads\/2022\/03\/Informativo-Horarios-de-Clases-Semana-14-al-18-marzo_page-0001-670x1024.jpg\" alt=\"\" class=\"wp-image-7898\" srcset=\"https:\/\/www.colegiomanuelbulnes.cl\/wp-content\/uploads\/2022\/03\/Informativo-Horarios-de-Clases-Semana-14-al-18-marzo_page-0001-670x1024.jpg 670w, https:\/\/www.colegiomanuelbulnes.cl\/wp-content\/uploads\/2022\/03\/Informativo-Horarios-de-Clases-Semana-14-al-18-marzo_page-0001-196x300.jpg 196w, https:\/\/www.colegiomanuelbulnes.cl\/wp-content\/uploads\/2022\/03\/Informativo-Horarios-de-Clases-Semana-14-al-18-marzo_page-0001-768x1174.jpg 768w, https:\/\/www.colegiomanuelbulnes.cl\/wp-content\/uploads\/2022\/03\/Informativo-Horarios-de-Clases-Semana-14-al-18-marzo_page-0001.jpg 1276w\" sizes=\"(max-width: 670px) 100vw, 670px\" \/><\/figure>\n","protected":false},"excerpt":{"rendered":"<p>Estimados Padres, Apoderados y Estudiantes, Esperando que se encuentren bien al momento de recibir este mensaje, les informamos que en el documento adjunto hacemos env\u00edo del horario para la pr\u00f3xima semana, que corresponde a los d\u00edas 14 al 18 de marzo. Esperamos que todos est\u00e9n teniendo un buen comienzo del a\u00f1o escolar. Sin otro particular, [&hellip;]<\/p>\n","protected":false},"author":1,"featured_media":7899,"comment_status":"closed","ping_status":"open","sticky":false,"template":"","format":"standard","meta":{"footnotes":""},"categories":[3],"tags":[],"_links":{"self":[{"href":"https:\/\/www.colegiomanuelbulnes.cl\/index.php?rest_route=\/wp\/v2\/posts\/7897"}],"collection":[{"href":"https:\/\/www.colegiomanuelbulnes.cl\/index.php?rest_route=\/wp\/v2\/posts"}],"about":[{"href":"https:\/\/www.colegiomanuelbulnes.cl\/index.php?rest_route=\/wp\/v2\/types\/post"}],"author":[{"embeddable":true,"href":"https:\/\/www.colegiomanuelbulnes.cl\/index.php?rest_route=\/wp\/v2\/users\/1"}],"replies":[{"embeddable":true,"href":"https:\/\/www.colegiomanuelbulnes.cl\/index.php?rest_route=%2Fwp%2Fv2%2Fcomments&post=7897"}],"version-history":[{"count":2,"href":"https:\/\/www.colegiomanuelbulnes.cl\/index.php?rest_route=\/wp\/v2\/posts\/7897\/revisions"}],"predecessor-version":[{"id":7901,"href":"https:\/\/www.colegiomanuelbulnes.cl\/index.php?rest_route=\/wp\/v2\/posts\/7897\/revisions\/7901"}],"wp:featuredmedia":[{"embeddable":true,"href":"https:\/\/www.colegiomanuelbulnes.cl\/index.php?rest_route=\/wp\/v2\/media\/7899"}],"wp:attachment":[{"href":"https:\/\/www.colegiomanuelbulnes.cl\/index.php?rest_route=%2Fwp%2Fv2%2Fmedia&parent=7897"}],"wp:term":[{"taxonomy":"category","embeddable":true,"href":"https:\/\/www.colegiomanuelbulnes.cl\/index.php?rest_route=%2Fwp%2Fv2%2Fcategories&post=7897"},{"taxonomy":"post_tag","embeddable":true,"href":"https:\/\/www.colegiomanuelbulnes.cl\/index.php?rest_route=%2Fwp%2Fv2%2Ftags&post=7897"}],"curies":[{"name":"wp","href":"https:\/\/api.w.org\/{rel}","templated":true}]}}