{"id":7903,"date":"2022-03-18T09:11:42","date_gmt":"2022-03-18T13:11:42","guid":{"rendered":"http:\/\/www.colegiomanuelbulnes.cl\/?p=7903"},"modified":"2022-03-18T09:12:42","modified_gmt":"2022-03-18T13:12:42","slug":"horario-de-clases-semana-24-al-28-de-marzo","status":"publish","type":"post","link":"https:\/\/www.colegiomanuelbulnes.cl\/?p=7903","title":{"rendered":"Horario de clases semana 24 al 28 de marzo"},"content":{"rendered":"\n<p> Estimados Padres, Apoderados y Estudiantes. <\/p>\n\n\n\n<p>hacemos env\u00edo del horario para la pr\u00f3xima semana, que corresponde a los d\u00edas 21 al 25 de marzo. Esperamos que todos est\u00e9n teniendo un buen comienzo de a\u00f1o escolar.<\/p>\n\n\n\n<p>Sin otro particular, se despide atentamente, Equipo de Inspector\u00eda Colegio Manuel Bulnes Linares<\/p>\n\n\n\n<figure class=\"wp-block-image alignwide\"><img loading=\"lazy\" decoding=\"async\" width=\"670\" height=\"1024\" src=\"https:\/\/www.colegiomanuelbulnes.cl\/wp-content\/uploads\/2022\/03\/Nota-Horario-de-Clases_page-0001-670x1024.jpg\" alt=\"\" class=\"wp-image-7906\" srcset=\"https:\/\/www.colegiomanuelbulnes.cl\/wp-content\/uploads\/2022\/03\/Nota-Horario-de-Clases_page-0001-670x1024.jpg 670w, https:\/\/www.colegiomanuelbulnes.cl\/wp-content\/uploads\/2022\/03\/Nota-Horario-de-Clases_page-0001-196x300.jpg 196w, https:\/\/www.colegiomanuelbulnes.cl\/wp-content\/uploads\/2022\/03\/Nota-Horario-de-Clases_page-0001-768x1174.jpg 768w, https:\/\/www.colegiomanuelbulnes.cl\/wp-content\/uploads\/2022\/03\/Nota-Horario-de-Clases_page-0001.jpg 1276w\" sizes=\"(max-width: 670px) 100vw, 670px\" \/><\/figure>\n","protected":false},"excerpt":{"rendered":"<p>Estimados Padres, Apoderados y Estudiantes. hacemos env\u00edo del horario para la pr\u00f3xima semana, que corresponde a los d\u00edas 21 al 25 de marzo. Esperamos que todos est\u00e9n teniendo un buen comienzo de a\u00f1o escolar. Sin otro particular, se despide atentamente, Equipo de Inspector\u00eda Colegio Manuel Bulnes Linares<\/p>\n","protected":false},"author":1,"featured_media":7904,"comment_status":"closed","ping_status":"open","sticky":false,"template":"","format":"standard","meta":{"footnotes":""},"categories":[3],"tags":[],"_links":{"self":[{"href":"https:\/\/www.colegiomanuelbulnes.cl\/index.php?rest_route=\/wp\/v2\/posts\/7903"}],"collection":[{"href":"https:\/\/www.colegiomanuelbulnes.cl\/index.php?rest_route=\/wp\/v2\/posts"}],"about":[{"href":"https:\/\/www.colegiomanuelbulnes.cl\/index.php?rest_route=\/wp\/v2\/types\/post"}],"author":[{"embeddable":true,"href":"https:\/\/www.colegiomanuelbulnes.cl\/index.php?rest_route=\/wp\/v2\/users\/1"}],"replies":[{"embeddable":true,"href":"https:\/\/www.colegiomanuelbulnes.cl\/index.php?rest_route=%2Fwp%2Fv2%2Fcomments&post=7903"}],"version-history":[{"count":3,"href":"https:\/\/www.colegiomanuelbulnes.cl\/index.php?rest_route=\/wp\/v2\/posts\/7903\/revisions"}],"predecessor-version":[{"id":7908,"href":"https:\/\/www.colegiomanuelbulnes.cl\/index.php?rest_route=\/wp\/v2\/posts\/7903\/revisions\/7908"}],"wp:featuredmedia":[{"embeddable":true,"href":"https:\/\/www.colegiomanuelbulnes.cl\/index.php?rest_route=\/wp\/v2\/media\/7904"}],"wp:attachment":[{"href":"https:\/\/www.colegiomanuelbulnes.cl\/index.php?rest_route=%2Fwp%2Fv2%2Fmedia&parent=7903"}],"wp:term":[{"taxonomy":"category","embeddable":true,"href":"https:\/\/www.colegiomanuelbulnes.cl\/index.php?rest_route=%2Fwp%2Fv2%2Fcategories&post=7903"},{"taxonomy":"post_tag","embeddable":true,"href":"https:\/\/www.colegiomanuelbulnes.cl\/index.php?rest_route=%2Fwp%2Fv2%2Ftags&post=7903"}],"curies":[{"name":"wp","href":"https:\/\/api.w.org\/{rel}","templated":true}]}}