{"id":7918,"date":"2022-04-01T10:03:33","date_gmt":"2022-04-01T14:03:33","guid":{"rendered":"http:\/\/www.colegiomanuelbulnes.cl\/?p=7918"},"modified":"2022-04-01T11:10:27","modified_gmt":"2022-04-01T15:10:27","slug":"cambio-de-ubicacion-de-salida-segundo-ciclo","status":"publish","type":"post","link":"https:\/\/www.colegiomanuelbulnes.cl\/?p=7918","title":{"rendered":"Cambio ubicaci\u00f3n de salida segundo ciclo"},"content":{"rendered":"\n<p>Estimada comunidad educativa, junto con saludarles y esperando que se encuentren muy bien, comunicamos a ustedes que a partir del d\u00eda lunes 04 de abril la salida de los estudiantes de segundo ciclo (5to a 8vo b\u00e1sico), ser\u00e1 por calle Yerbas Buenas (al costado del sector de educaci\u00f3n parvularia). Con esta medida, buscamos evitar las aglomeraciones que se generan entre jornadas, y que pueden ser riesgosas para nuestra comunidad educativa. <\/p>\n\n\n\n<p>Los Horarios no se ver\u00e1n modificados.  <\/p>\n","protected":false},"excerpt":{"rendered":"<p>Estimada comunidad educativa, junto con saludarles y esperando que se encuentren muy bien, comunicamos a ustedes que a partir del d\u00eda lunes 04 de abril la salida de los estudiantes de segundo ciclo (5to a 8vo b\u00e1sico), ser\u00e1 por calle Yerbas Buenas (al costado del sector de educaci\u00f3n parvularia). Con esta medida, buscamos evitar las [&hellip;]<\/p>\n","protected":false},"author":1,"featured_media":7919,"comment_status":"closed","ping_status":"open","sticky":false,"template":"","format":"standard","meta":{"footnotes":""},"categories":[3],"tags":[],"_links":{"self":[{"href":"https:\/\/www.colegiomanuelbulnes.cl\/index.php?rest_route=\/wp\/v2\/posts\/7918"}],"collection":[{"href":"https:\/\/www.colegiomanuelbulnes.cl\/index.php?rest_route=\/wp\/v2\/posts"}],"about":[{"href":"https:\/\/www.colegiomanuelbulnes.cl\/index.php?rest_route=\/wp\/v2\/types\/post"}],"author":[{"embeddable":true,"href":"https:\/\/www.colegiomanuelbulnes.cl\/index.php?rest_route=\/wp\/v2\/users\/1"}],"replies":[{"embeddable":true,"href":"https:\/\/www.colegiomanuelbulnes.cl\/index.php?rest_route=%2Fwp%2Fv2%2Fcomments&post=7918"}],"version-history":[{"count":3,"href":"https:\/\/www.colegiomanuelbulnes.cl\/index.php?rest_route=\/wp\/v2\/posts\/7918\/revisions"}],"predecessor-version":[{"id":7922,"href":"https:\/\/www.colegiomanuelbulnes.cl\/index.php?rest_route=\/wp\/v2\/posts\/7918\/revisions\/7922"}],"wp:featuredmedia":[{"embeddable":true,"href":"https:\/\/www.colegiomanuelbulnes.cl\/index.php?rest_route=\/wp\/v2\/media\/7919"}],"wp:attachment":[{"href":"https:\/\/www.colegiomanuelbulnes.cl\/index.php?rest_route=%2Fwp%2Fv2%2Fmedia&parent=7918"}],"wp:term":[{"taxonomy":"category","embeddable":true,"href":"https:\/\/www.colegiomanuelbulnes.cl\/index.php?rest_route=%2Fwp%2Fv2%2Fcategories&post=7918"},{"taxonomy":"post_tag","embeddable":true,"href":"https:\/\/www.colegiomanuelbulnes.cl\/index.php?rest_route=%2Fwp%2Fv2%2Ftags&post=7918"}],"curies":[{"name":"wp","href":"https:\/\/api.w.org\/{rel}","templated":true}]}}