{"id":7934,"date":"2022-04-13T09:59:36","date_gmt":"2022-04-13T13:59:36","guid":{"rendered":"http:\/\/www.colegiomanuelbulnes.cl\/?p=7934"},"modified":"2022-04-13T09:59:37","modified_gmt":"2022-04-13T13:59:37","slug":"%f0%9f%93%8ccomunicado-vacunacion-influenza-2022-%f0%9f%91%a9%e2%80%8d%e2%9a%95%ef%b8%8f%f0%9f%91%a8%e2%80%8d%f0%9f%94%ac","status":"publish","type":"post","link":"https:\/\/www.colegiomanuelbulnes.cl\/?p=7934","title":{"rendered":"\ud83d\udcccCOMUNICADO Vacunaci\u00f3n Influenza 2022. \ud83d\udc69\u200d\u2695\ufe0f\ud83d\udc68\u200d\ud83d\udd2c"},"content":{"rendered":"\n<p> Estimados Padres y Apoderados(as):<\/p>\n\n\n\n<p>Esperando que se encuentren todos y todas muy bien, les informamos que durante los d\u00edas 18, 19 y 20 de abril, se estar\u00e1 realizando en nuestro establecimiento la CAMPA\u00d1A DE VACUNACI\u00d3N CONTRA LA INFLUENZA, en conjunto con dosis de refuerzo de COVID-19. <\/p>\n\n\n\n<p>Todo esto es llevado a cabo por funcionarios del CESFAM Oscar Bonilla, quienes nos han solicitado destacar la importancia de la vacunaci\u00f3n, recordando que es de car\u00e1cter OBLIGATORIA (decreto exento N\u00b073 del 25 de febrero de 2016 del Ministerio de Salud, que dispone VACUNACI\u00d3N OBLIGATORIA CONTRA INFLUEZA a la poblaci\u00f3n del pa\u00eds, de conformidad con lo establecido en el No. 12 del decreto exento N\u00b0 6, de 2010), por lo tanto, NO SE SOLICITAR\u00c1 CONSENTIMIENTO INFORMADO A LOS PADRES. <\/p>\n\n\n\n<p>Sin embargo, la enfermera a cargo de la campa\u00f1a solicita reunirse con los Padres y\/o Apoderados que se opongan a la vacunaci\u00f3n contra la Influenza, el mismo d\u00eda de la vacunaci\u00f3n, a fin de poder entregarles consejer\u00eda, y firmar un documento de responsabilidad ante la salud del estudiante. Seg\u00fan lo informado por el CESFAM, es importante mencionar que a quienes corresponda refuerzo de vacuna SARS COV2, se le coadministrar\u00e1 en conjunto con la vacuna contra la Influenza. Es por esto que se recalca la importancia de que si los padres y\/o apoderados del estudiante rechazan el refuerzo de vacunaci\u00f3n COVID, deben enviar una comunicaci\u00f3n firmada, rechazando dicha inoculaci\u00f3n. <\/p>\n\n\n\n<p>Se informa, adem\u00e1s, que quienes requieran la administraci\u00f3n de primera dosis de vacunaci\u00f3n contra SARS COV2, deben hacer llegar consentimiento informado (enviada al correo institucional). <\/p>\n\n\n\n<div class=\"wp-block-image\"><figure class=\"aligncenter\"><img loading=\"lazy\" decoding=\"async\" width=\"616\" height=\"702\" src=\"https:\/\/www.colegiomanuelbulnes.cl\/wp-content\/uploads\/2022\/04\/34.png\" alt=\"\" class=\"wp-image-7936\" srcset=\"https:\/\/www.colegiomanuelbulnes.cl\/wp-content\/uploads\/2022\/04\/34.png 616w, https:\/\/www.colegiomanuelbulnes.cl\/wp-content\/uploads\/2022\/04\/34-263x300.png 263w\" sizes=\"(max-width: 616px) 100vw, 616px\" \/><\/figure><\/div>\n","protected":false},"excerpt":{"rendered":"<p>Estimados Padres y Apoderados(as): Esperando que se encuentren todos y todas muy bien, les informamos que durante los d\u00edas 18, 19 y 20 de abril, se estar\u00e1 realizando en nuestro establecimiento la CAMPA\u00d1A DE VACUNACI\u00d3N CONTRA LA INFLUENZA, en conjunto con dosis de refuerzo de COVID-19. Todo esto es llevado a cabo por funcionarios del [&hellip;]<\/p>\n","protected":false},"author":1,"featured_media":7935,"comment_status":"closed","ping_status":"open","sticky":false,"template":"","format":"standard","meta":{"footnotes":""},"categories":[3],"tags":[],"_links":{"self":[{"href":"https:\/\/www.colegiomanuelbulnes.cl\/index.php?rest_route=\/wp\/v2\/posts\/7934"}],"collection":[{"href":"https:\/\/www.colegiomanuelbulnes.cl\/index.php?rest_route=\/wp\/v2\/posts"}],"about":[{"href":"https:\/\/www.colegiomanuelbulnes.cl\/index.php?rest_route=\/wp\/v2\/types\/post"}],"author":[{"embeddable":true,"href":"https:\/\/www.colegiomanuelbulnes.cl\/index.php?rest_route=\/wp\/v2\/users\/1"}],"replies":[{"embeddable":true,"href":"https:\/\/www.colegiomanuelbulnes.cl\/index.php?rest_route=%2Fwp%2Fv2%2Fcomments&post=7934"}],"version-history":[{"count":1,"href":"https:\/\/www.colegiomanuelbulnes.cl\/index.php?rest_route=\/wp\/v2\/posts\/7934\/revisions"}],"predecessor-version":[{"id":7937,"href":"https:\/\/www.colegiomanuelbulnes.cl\/index.php?rest_route=\/wp\/v2\/posts\/7934\/revisions\/7937"}],"wp:featuredmedia":[{"embeddable":true,"href":"https:\/\/www.colegiomanuelbulnes.cl\/index.php?rest_route=\/wp\/v2\/media\/7935"}],"wp:attachment":[{"href":"https:\/\/www.colegiomanuelbulnes.cl\/index.php?rest_route=%2Fwp%2Fv2%2Fmedia&parent=7934"}],"wp:term":[{"taxonomy":"category","embeddable":true,"href":"https:\/\/www.colegiomanuelbulnes.cl\/index.php?rest_route=%2Fwp%2Fv2%2Fcategories&post=7934"},{"taxonomy":"post_tag","embeddable":true,"href":"https:\/\/www.colegiomanuelbulnes.cl\/index.php?rest_route=%2Fwp%2Fv2%2Ftags&post=7934"}],"curies":[{"name":"wp","href":"https:\/\/api.w.org\/{rel}","templated":true}]}}