{"id":7940,"date":"2022-04-14T16:53:52","date_gmt":"2022-04-14T20:53:52","guid":{"rendered":"http:\/\/www.colegiomanuelbulnes.cl\/?p=7940"},"modified":"2022-04-14T16:53:53","modified_gmt":"2022-04-14T20:53:53","slug":"%f0%9f%93%8ccalendarios-de-entrada-y-salida-de-estudiantes","status":"publish","type":"post","link":"https:\/\/www.colegiomanuelbulnes.cl\/?p=7940","title":{"rendered":"\ud83d\udcccCALENDARIOS DE ENTRADA Y SALIDA DE ESTUDIANTES."},"content":{"rendered":"\n<p> Estimados Padres y Apoderados(as): <\/p>\n\n\n\n<p>Esperando que se encuentren todos y todas muy bien, les informamos que a contar del d\u00eda 18 de abril, los horarios de los estudiantes se ajustar\u00e1n al horario de clases original, el cual incluye un bloque m\u00e1s de clases, lo que significar\u00e1 una extensi\u00f3n de las jornadas, tanto de la ma\u00f1ana como de la tarde.<\/p>\n\n\n\n<p>Debido a la situaci\u00f3n sanitaria, el a\u00f1o acad\u00e9mico comenz\u00f3 sin la s\u00e9ptima hora, a modo de evitar exponer a nuestros estudiantes, sin embargo, dado que debemos cumplir con los planes y programas  establecidos por el Ministerio de Educaci\u00f3n, es que retomaremos ese bloque de clases pendiente.<\/p>\n\n\n\n<p>A continuaci\u00f3n, se presentar\u00e1 los calendarios de entrada y salida por cursos: <\/p>\n\n\n\n<figure class=\"wp-block-image\"><img loading=\"lazy\" decoding=\"async\" width=\"1024\" height=\"394\" src=\"https:\/\/www.colegiomanuelbulnes.cl\/wp-content\/uploads\/2022\/04\/ma\u00f1ana-1024x394.png\" alt=\"\" class=\"wp-image-7941\" srcset=\"https:\/\/www.colegiomanuelbulnes.cl\/wp-content\/uploads\/2022\/04\/ma\u00f1ana-1024x394.png 1024w, https:\/\/www.colegiomanuelbulnes.cl\/wp-content\/uploads\/2022\/04\/ma\u00f1ana-300x115.png 300w, https:\/\/www.colegiomanuelbulnes.cl\/wp-content\/uploads\/2022\/04\/ma\u00f1ana-768x295.png 768w, https:\/\/www.colegiomanuelbulnes.cl\/wp-content\/uploads\/2022\/04\/ma\u00f1ana.png 1053w\" sizes=\"(max-width: 1024px) 100vw, 1024px\" \/><\/figure>\n\n\n\n<figure class=\"wp-block-image\"><img loading=\"lazy\" decoding=\"async\" width=\"1024\" height=\"352\" src=\"https:\/\/www.colegiomanuelbulnes.cl\/wp-content\/uploads\/2022\/04\/tarde-1024x352.png\" alt=\"\" class=\"wp-image-7942\" srcset=\"https:\/\/www.colegiomanuelbulnes.cl\/wp-content\/uploads\/2022\/04\/tarde-1024x352.png 1024w, https:\/\/www.colegiomanuelbulnes.cl\/wp-content\/uploads\/2022\/04\/tarde-300x103.png 300w, https:\/\/www.colegiomanuelbulnes.cl\/wp-content\/uploads\/2022\/04\/tarde-768x264.png 768w, https:\/\/www.colegiomanuelbulnes.cl\/wp-content\/uploads\/2022\/04\/tarde.png 1064w\" sizes=\"(max-width: 1024px) 100vw, 1024px\" \/><\/figure>\n","protected":false},"excerpt":{"rendered":"<p>Estimados Padres y Apoderados(as): Esperando que se encuentren todos y todas muy bien, les informamos que a contar del d\u00eda 18 de abril, los horarios de los estudiantes se ajustar\u00e1n al horario de clases original, el cual incluye un bloque m\u00e1s de clases, lo que significar\u00e1 una extensi\u00f3n de las jornadas, tanto de la ma\u00f1ana [&hellip;]<\/p>\n","protected":false},"author":1,"featured_media":7904,"comment_status":"closed","ping_status":"open","sticky":false,"template":"","format":"standard","meta":{"footnotes":""},"categories":[3],"tags":[],"_links":{"self":[{"href":"https:\/\/www.colegiomanuelbulnes.cl\/index.php?rest_route=\/wp\/v2\/posts\/7940"}],"collection":[{"href":"https:\/\/www.colegiomanuelbulnes.cl\/index.php?rest_route=\/wp\/v2\/posts"}],"about":[{"href":"https:\/\/www.colegiomanuelbulnes.cl\/index.php?rest_route=\/wp\/v2\/types\/post"}],"author":[{"embeddable":true,"href":"https:\/\/www.colegiomanuelbulnes.cl\/index.php?rest_route=\/wp\/v2\/users\/1"}],"replies":[{"embeddable":true,"href":"https:\/\/www.colegiomanuelbulnes.cl\/index.php?rest_route=%2Fwp%2Fv2%2Fcomments&post=7940"}],"version-history":[{"count":1,"href":"https:\/\/www.colegiomanuelbulnes.cl\/index.php?rest_route=\/wp\/v2\/posts\/7940\/revisions"}],"predecessor-version":[{"id":7943,"href":"https:\/\/www.colegiomanuelbulnes.cl\/index.php?rest_route=\/wp\/v2\/posts\/7940\/revisions\/7943"}],"wp:featuredmedia":[{"embeddable":true,"href":"https:\/\/www.colegiomanuelbulnes.cl\/index.php?rest_route=\/wp\/v2\/media\/7904"}],"wp:attachment":[{"href":"https:\/\/www.colegiomanuelbulnes.cl\/index.php?rest_route=%2Fwp%2Fv2%2Fmedia&parent=7940"}],"wp:term":[{"taxonomy":"category","embeddable":true,"href":"https:\/\/www.colegiomanuelbulnes.cl\/index.php?rest_route=%2Fwp%2Fv2%2Fcategories&post=7940"},{"taxonomy":"post_tag","embeddable":true,"href":"https:\/\/www.colegiomanuelbulnes.cl\/index.php?rest_route=%2Fwp%2Fv2%2Ftags&post=7940"}],"curies":[{"name":"wp","href":"https:\/\/api.w.org\/{rel}","templated":true}]}}