{"id":7971,"date":"2022-04-25T13:10:31","date_gmt":"2022-04-25T17:10:31","guid":{"rendered":"http:\/\/www.colegiomanuelbulnes.cl\/?p=7971"},"modified":"2022-04-25T13:10:33","modified_gmt":"2022-04-25T17:10:33","slug":"%f0%9f%93%8creunion-de-apoderados-abril-2022","status":"publish","type":"post","link":"https:\/\/www.colegiomanuelbulnes.cl\/?p=7971","title":{"rendered":"\ud83d\udcccReuni\u00f3n de apoderados Abril 2022."},"content":{"rendered":"\n<p>Estimada comunidad educativa, compartimos con ustedes las fechas y horas de las reuniones de padres y apoderados(as) de educaci\u00f3n parvularia, primer y segundo ciclo, correspondientes al mes de abril, las cuales, se mantendr\u00e1n de manera ONLINE, debido a las condiciones sanitarias actuales.<\/p>\n\n\n\n<p> Es importante mencionar que cada profesor jefe har\u00e1 llegar a su curso mediante correo institucional, el link de acceso a la reuni\u00f3n. <\/p>\n\n\n\n<p>Atentamente La Direcci\u00f3n.<\/p>\n\n\n\n<ul class=\"wp-block-gallery columns-3 is-cropped wp-block-gallery-1 is-layout-flex wp-block-gallery-is-layout-flex\"><li class=\"blocks-gallery-item\"><figure><img loading=\"lazy\" decoding=\"async\" width=\"960\" height=\"720\" src=\"https:\/\/www.colegiomanuelbulnes.cl\/wp-content\/uploads\/2022\/04\/Diapositiva1.png\" alt=\"\" data-id=\"7972\" data-link=\"https:\/\/www.colegiomanuelbulnes.cl\/?attachment_id=7972\" class=\"wp-image-7972\" srcset=\"https:\/\/www.colegiomanuelbulnes.cl\/wp-content\/uploads\/2022\/04\/Diapositiva1.png 960w, https:\/\/www.colegiomanuelbulnes.cl\/wp-content\/uploads\/2022\/04\/Diapositiva1-300x225.png 300w, https:\/\/www.colegiomanuelbulnes.cl\/wp-content\/uploads\/2022\/04\/Diapositiva1-768x576.png 768w\" sizes=\"(max-width: 960px) 100vw, 960px\" \/><\/figure><\/li><li class=\"blocks-gallery-item\"><figure><img loading=\"lazy\" decoding=\"async\" width=\"960\" height=\"720\" src=\"https:\/\/www.colegiomanuelbulnes.cl\/wp-content\/uploads\/2022\/04\/Diapositiva2.png\" alt=\"\" data-id=\"7973\" data-link=\"https:\/\/www.colegiomanuelbulnes.cl\/?attachment_id=7973\" class=\"wp-image-7973\" srcset=\"https:\/\/www.colegiomanuelbulnes.cl\/wp-content\/uploads\/2022\/04\/Diapositiva2.png 960w, https:\/\/www.colegiomanuelbulnes.cl\/wp-content\/uploads\/2022\/04\/Diapositiva2-300x225.png 300w, https:\/\/www.colegiomanuelbulnes.cl\/wp-content\/uploads\/2022\/04\/Diapositiva2-768x576.png 768w\" sizes=\"(max-width: 960px) 100vw, 960px\" \/><\/figure><\/li><li class=\"blocks-gallery-item\"><figure><img loading=\"lazy\" decoding=\"async\" width=\"960\" height=\"720\" src=\"https:\/\/www.colegiomanuelbulnes.cl\/wp-content\/uploads\/2022\/04\/Diapositiva3.png\" alt=\"\" data-id=\"7974\" data-link=\"https:\/\/www.colegiomanuelbulnes.cl\/?attachment_id=7974\" class=\"wp-image-7974\" srcset=\"https:\/\/www.colegiomanuelbulnes.cl\/wp-content\/uploads\/2022\/04\/Diapositiva3.png 960w, https:\/\/www.colegiomanuelbulnes.cl\/wp-content\/uploads\/2022\/04\/Diapositiva3-300x225.png 300w, https:\/\/www.colegiomanuelbulnes.cl\/wp-content\/uploads\/2022\/04\/Diapositiva3-768x576.png 768w\" sizes=\"(max-width: 960px) 100vw, 960px\" \/><\/figure><\/li><\/ul>\n","protected":false},"excerpt":{"rendered":"<p>Estimada comunidad educativa, compartimos con ustedes las fechas y horas de las reuniones de padres y apoderados(as) de educaci\u00f3n parvularia, primer y segundo ciclo, correspondientes al mes de abril, las cuales, se mantendr\u00e1n de manera ONLINE, debido a las condiciones sanitarias actuales. Es importante mencionar que cada profesor jefe har\u00e1 llegar a su curso mediante [&hellip;]<\/p>\n","protected":false},"author":1,"featured_media":7975,"comment_status":"closed","ping_status":"open","sticky":false,"template":"","format":"standard","meta":{"footnotes":""},"categories":[3],"tags":[],"_links":{"self":[{"href":"https:\/\/www.colegiomanuelbulnes.cl\/index.php?rest_route=\/wp\/v2\/posts\/7971"}],"collection":[{"href":"https:\/\/www.colegiomanuelbulnes.cl\/index.php?rest_route=\/wp\/v2\/posts"}],"about":[{"href":"https:\/\/www.colegiomanuelbulnes.cl\/index.php?rest_route=\/wp\/v2\/types\/post"}],"author":[{"embeddable":true,"href":"https:\/\/www.colegiomanuelbulnes.cl\/index.php?rest_route=\/wp\/v2\/users\/1"}],"replies":[{"embeddable":true,"href":"https:\/\/www.colegiomanuelbulnes.cl\/index.php?rest_route=%2Fwp%2Fv2%2Fcomments&post=7971"}],"version-history":[{"count":1,"href":"https:\/\/www.colegiomanuelbulnes.cl\/index.php?rest_route=\/wp\/v2\/posts\/7971\/revisions"}],"predecessor-version":[{"id":7976,"href":"https:\/\/www.colegiomanuelbulnes.cl\/index.php?rest_route=\/wp\/v2\/posts\/7971\/revisions\/7976"}],"wp:featuredmedia":[{"embeddable":true,"href":"https:\/\/www.colegiomanuelbulnes.cl\/index.php?rest_route=\/wp\/v2\/media\/7975"}],"wp:attachment":[{"href":"https:\/\/www.colegiomanuelbulnes.cl\/index.php?rest_route=%2Fwp%2Fv2%2Fmedia&parent=7971"}],"wp:term":[{"taxonomy":"category","embeddable":true,"href":"https:\/\/www.colegiomanuelbulnes.cl\/index.php?rest_route=%2Fwp%2Fv2%2Fcategories&post=7971"},{"taxonomy":"post_tag","embeddable":true,"href":"https:\/\/www.colegiomanuelbulnes.cl\/index.php?rest_route=%2Fwp%2Fv2%2Ftags&post=7971"}],"curies":[{"name":"wp","href":"https:\/\/api.w.org\/{rel}","templated":true}]}}