{"id":8083,"date":"2022-05-23T12:36:01","date_gmt":"2022-05-23T16:36:01","guid":{"rendered":"http:\/\/www.colegiomanuelbulnes.cl\/?p=8083"},"modified":"2022-05-23T15:53:55","modified_gmt":"2022-05-23T19:53:55","slug":"%f0%9f%93%8creunion-de-apoderados-mayo-2022","status":"publish","type":"post","link":"https:\/\/www.colegiomanuelbulnes.cl\/?p=8083","title":{"rendered":"\ud83d\udcccReuni\u00f3n de apoderados Mayo 2022."},"content":{"rendered":"\n<p>Estimada comunidad educativa, compartimos con ustedes las fechas y horas de las reuniones de padres y apoderados(as) de primer y segundo ciclo, correspondientes al mes de mayo, las cuales, se mantendr\u00e1n de manera ONLINE, debido a las condiciones sanitarias actuales, a excepci\u00f3n del octavo b\u00e1sico, quienes tendr\u00e1n su reuni\u00f3n de manera presencial. Es importante mencionar que cada profesor jefe har\u00e1 llegar  <br>el link de acceso a la reuni\u00f3n a su curso mediante el correo institucional. Atentamente La Direcci\u00f3n.<\/p>\n\n\n\n<figure class=\"wp-block-image\"><img loading=\"lazy\" decoding=\"async\" width=\"960\" height=\"720\" src=\"https:\/\/www.colegiomanuelbulnes.cl\/wp-content\/uploads\/2022\/05\/1-ciclo.png\" alt=\"\" class=\"wp-image-8089\" srcset=\"https:\/\/www.colegiomanuelbulnes.cl\/wp-content\/uploads\/2022\/05\/1-ciclo.png 960w, https:\/\/www.colegiomanuelbulnes.cl\/wp-content\/uploads\/2022\/05\/1-ciclo-300x225.png 300w, https:\/\/www.colegiomanuelbulnes.cl\/wp-content\/uploads\/2022\/05\/1-ciclo-768x576.png 768w\" sizes=\"(max-width: 960px) 100vw, 960px\" \/><\/figure>\n\n\n\n<figure class=\"wp-block-image\"><img loading=\"lazy\" decoding=\"async\" width=\"960\" height=\"720\" src=\"https:\/\/www.colegiomanuelbulnes.cl\/wp-content\/uploads\/2022\/05\/2-ciclo.png\" alt=\"\" class=\"wp-image-8090\" srcset=\"https:\/\/www.colegiomanuelbulnes.cl\/wp-content\/uploads\/2022\/05\/2-ciclo.png 960w, https:\/\/www.colegiomanuelbulnes.cl\/wp-content\/uploads\/2022\/05\/2-ciclo-300x225.png 300w, https:\/\/www.colegiomanuelbulnes.cl\/wp-content\/uploads\/2022\/05\/2-ciclo-768x576.png 768w\" sizes=\"(max-width: 960px) 100vw, 960px\" \/><\/figure>\n","protected":false},"excerpt":{"rendered":"<p>Estimada comunidad educativa, compartimos con ustedes las fechas y horas de las reuniones de padres y apoderados(as) de primer y segundo ciclo, correspondientes al mes de mayo, las cuales, se mantendr\u00e1n de manera ONLINE, debido a las condiciones sanitarias actuales, a excepci\u00f3n del octavo b\u00e1sico, quienes tendr\u00e1n su reuni\u00f3n de manera presencial. Es importante mencionar [&hellip;]<\/p>\n","protected":false},"author":1,"featured_media":8088,"comment_status":"closed","ping_status":"open","sticky":false,"template":"","format":"standard","meta":{"footnotes":""},"categories":[3],"tags":[],"_links":{"self":[{"href":"https:\/\/www.colegiomanuelbulnes.cl\/index.php?rest_route=\/wp\/v2\/posts\/8083"}],"collection":[{"href":"https:\/\/www.colegiomanuelbulnes.cl\/index.php?rest_route=\/wp\/v2\/posts"}],"about":[{"href":"https:\/\/www.colegiomanuelbulnes.cl\/index.php?rest_route=\/wp\/v2\/types\/post"}],"author":[{"embeddable":true,"href":"https:\/\/www.colegiomanuelbulnes.cl\/index.php?rest_route=\/wp\/v2\/users\/1"}],"replies":[{"embeddable":true,"href":"https:\/\/www.colegiomanuelbulnes.cl\/index.php?rest_route=%2Fwp%2Fv2%2Fcomments&post=8083"}],"version-history":[{"count":2,"href":"https:\/\/www.colegiomanuelbulnes.cl\/index.php?rest_route=\/wp\/v2\/posts\/8083\/revisions"}],"predecessor-version":[{"id":8091,"href":"https:\/\/www.colegiomanuelbulnes.cl\/index.php?rest_route=\/wp\/v2\/posts\/8083\/revisions\/8091"}],"wp:featuredmedia":[{"embeddable":true,"href":"https:\/\/www.colegiomanuelbulnes.cl\/index.php?rest_route=\/wp\/v2\/media\/8088"}],"wp:attachment":[{"href":"https:\/\/www.colegiomanuelbulnes.cl\/index.php?rest_route=%2Fwp%2Fv2%2Fmedia&parent=8083"}],"wp:term":[{"taxonomy":"category","embeddable":true,"href":"https:\/\/www.colegiomanuelbulnes.cl\/index.php?rest_route=%2Fwp%2Fv2%2Fcategories&post=8083"},{"taxonomy":"post_tag","embeddable":true,"href":"https:\/\/www.colegiomanuelbulnes.cl\/index.php?rest_route=%2Fwp%2Fv2%2Ftags&post=8083"}],"curies":[{"name":"wp","href":"https:\/\/api.w.org\/{rel}","templated":true}]}}