{"id":8277,"date":"2022-08-08T10:45:31","date_gmt":"2022-08-08T14:45:31","guid":{"rendered":"http:\/\/www.colegiomanuelbulnes.cl\/?p=8277"},"modified":"2022-08-08T12:56:51","modified_gmt":"2022-08-08T16:56:51","slug":"%ef%bf%bcreunion-de-apoderados-agosto-2022","status":"publish","type":"post","link":"https:\/\/www.colegiomanuelbulnes.cl\/?p=8277","title":{"rendered":"\ufffcReuni\u00f3n De Apoderados Agosto 2022."},"content":{"rendered":"\n<p>Estimada comunidad educativa, compartimos con ustedes las fechas y horas de las reuniones de padres y apoderados(as) de primer y segundo ciclo, correspondientes al mes de agosto, las cuales, se mantendr\u00e1n de manera ONLINE, debido a las condiciones sanitarias actuales. Es importante mencionar que cada profesor jefe har\u00e1 llegar el link de acceso a la reuni\u00f3n a su curso mediante el correo institucional.<\/p>\n\n\n\n<p>Atentamente La Direcci\u00f3n.<\/p>\n\n\n\n<figure class=\"wp-block-gallery has-nested-images columns-default is-cropped wp-block-gallery-1 is-layout-flex wp-block-gallery-is-layout-flex\">\n<figure class=\"wp-block-image size-full\"><img loading=\"lazy\" decoding=\"async\" width=\"960\" height=\"720\" data-id=\"8282\" src=\"https:\/\/www.colegiomanuelbulnes.cl\/wp-content\/uploads\/2022\/08\/FORMATO-REUNIONES.png\" alt=\"\" class=\"wp-image-8282\" srcset=\"https:\/\/www.colegiomanuelbulnes.cl\/wp-content\/uploads\/2022\/08\/FORMATO-REUNIONES.png 960w, https:\/\/www.colegiomanuelbulnes.cl\/wp-content\/uploads\/2022\/08\/FORMATO-REUNIONES-300x225.png 300w, https:\/\/www.colegiomanuelbulnes.cl\/wp-content\/uploads\/2022\/08\/FORMATO-REUNIONES-768x576.png 768w\" sizes=\"(max-width: 960px) 100vw, 960px\" \/><\/figure>\n\n\n\n<figure class=\"wp-block-image size-large\"><img loading=\"lazy\" decoding=\"async\" width=\"960\" height=\"720\" data-id=\"8279\" src=\"https:\/\/www.colegiomanuelbulnes.cl\/wp-content\/uploads\/2022\/08\/2-ciclo-agosto.png\" alt=\"\" class=\"wp-image-8279\" srcset=\"https:\/\/www.colegiomanuelbulnes.cl\/wp-content\/uploads\/2022\/08\/2-ciclo-agosto.png 960w, https:\/\/www.colegiomanuelbulnes.cl\/wp-content\/uploads\/2022\/08\/2-ciclo-agosto-300x225.png 300w, https:\/\/www.colegiomanuelbulnes.cl\/wp-content\/uploads\/2022\/08\/2-ciclo-agosto-768x576.png 768w\" sizes=\"(max-width: 960px) 100vw, 960px\" \/><\/figure>\n<\/figure>\n","protected":false},"excerpt":{"rendered":"<p>Estimada comunidad educativa, compartimos con ustedes las fechas y horas de las reuniones de padres y apoderados(as) de primer y segundo ciclo, correspondientes al mes de agosto, las cuales, se mantendr\u00e1n de manera ONLINE, debido a las condiciones sanitarias actuales. Es importante mencionar que cada profesor jefe har\u00e1 llegar el link de acceso a la [&hellip;]<\/p>\n","protected":false},"author":1,"featured_media":8280,"comment_status":"closed","ping_status":"open","sticky":false,"template":"","format":"standard","meta":{"footnotes":""},"categories":[3],"tags":[],"_links":{"self":[{"href":"https:\/\/www.colegiomanuelbulnes.cl\/index.php?rest_route=\/wp\/v2\/posts\/8277"}],"collection":[{"href":"https:\/\/www.colegiomanuelbulnes.cl\/index.php?rest_route=\/wp\/v2\/posts"}],"about":[{"href":"https:\/\/www.colegiomanuelbulnes.cl\/index.php?rest_route=\/wp\/v2\/types\/post"}],"author":[{"embeddable":true,"href":"https:\/\/www.colegiomanuelbulnes.cl\/index.php?rest_route=\/wp\/v2\/users\/1"}],"replies":[{"embeddable":true,"href":"https:\/\/www.colegiomanuelbulnes.cl\/index.php?rest_route=%2Fwp%2Fv2%2Fcomments&post=8277"}],"version-history":[{"count":2,"href":"https:\/\/www.colegiomanuelbulnes.cl\/index.php?rest_route=\/wp\/v2\/posts\/8277\/revisions"}],"predecessor-version":[{"id":8283,"href":"https:\/\/www.colegiomanuelbulnes.cl\/index.php?rest_route=\/wp\/v2\/posts\/8277\/revisions\/8283"}],"wp:featuredmedia":[{"embeddable":true,"href":"https:\/\/www.colegiomanuelbulnes.cl\/index.php?rest_route=\/wp\/v2\/media\/8280"}],"wp:attachment":[{"href":"https:\/\/www.colegiomanuelbulnes.cl\/index.php?rest_route=%2Fwp%2Fv2%2Fmedia&parent=8277"}],"wp:term":[{"taxonomy":"category","embeddable":true,"href":"https:\/\/www.colegiomanuelbulnes.cl\/index.php?rest_route=%2Fwp%2Fv2%2Fcategories&post=8277"},{"taxonomy":"post_tag","embeddable":true,"href":"https:\/\/www.colegiomanuelbulnes.cl\/index.php?rest_route=%2Fwp%2Fv2%2Ftags&post=8277"}],"curies":[{"name":"wp","href":"https:\/\/api.w.org\/{rel}","templated":true}]}}