{"id":8369,"date":"2022-09-30T15:19:44","date_gmt":"2022-09-30T19:19:44","guid":{"rendered":"http:\/\/www.colegiomanuelbulnes.cl\/?p=8369"},"modified":"2022-09-30T15:19:44","modified_gmt":"2022-09-30T19:19:44","slug":"nuevos-protocolos-de-seguridad-covid-19","status":"publish","type":"post","link":"https:\/\/www.colegiomanuelbulnes.cl\/?p=8369","title":{"rendered":"Nuevos protocolos de seguridad Covid 19"},"content":{"rendered":"\n<p><a href=\"https:\/\/www.facebook.com\/photo\/?fbid=2370771706405363&amp;set=a.864914100324472&amp;__cft__[0]=AZV5ZwWRttO9JY4mnsfpXn1YyC67LjovjpZMhFMxN4DA4_4fpqkn_6NJ6mhMxJlzEKj0hUp3z-ZooSCe-Gn3Mjvj0gfOxSS5ugjLadbZav__QJdLyW53Kgr48eTOZ8zF6xIpVAvchNwEgwc-40VZpNNrnNI7nGjhLHohq9ZOYUB1xQ&amp;__tn__=EH-R\"><\/a><\/p>\n\n\n\n<figure class=\"wp-block-image\"><a href=\"https:\/\/www.facebook.com\/photo\/?fbid=2370771706405363&amp;set=a.864914100324472&amp;__cft__[0]=AZV5ZwWRttO9JY4mnsfpXn1YyC67LjovjpZMhFMxN4DA4_4fpqkn_6NJ6mhMxJlzEKj0hUp3z-ZooSCe-Gn3Mjvj0gfOxSS5ugjLadbZav__QJdLyW53Kgr48eTOZ8zF6xIpVAvchNwEgwc-40VZpNNrnNI7nGjhLHohq9ZOYUB1xQ&amp;__tn__=EH-R\"><img decoding=\"async\" src=\"https:\/\/scontent.fqrc3-1.fna.fbcdn.net\/v\/t39.30808-6\/307848809_2370771703072030_4884836479947429387_n.jpg?stp=dst-jpg_s640x640&amp;_nc_cat=108&amp;ccb=1-7&amp;_nc_sid=8bfeb9&amp;_nc_ohc=pBCxhplIPVcAX8K7oDy&amp;_nc_ht=scontent.fqrc3-1.fna&amp;oh=00_AT8W6annvZ7s2lSNFgRZPtUC4uWNtjtEeaWgro3eV6kefA&amp;oe=633C7915\" alt=\"Puede ser una imagen de una o varias personas y texto que dice &quot;seguimos cuid\u00e1ndonos PASO PASO Escenario de Apertura A partir del 1 de octubre Mascarilla: Su uso deja de ser obligatorio, excepto en centros de salud. Se recomienda en transporte, aglomeraciones y para personas con sintomas covid-19. Vacunaci\u00f3n: Se sigue promoviendo. Entrar\u00e1 en vigencia el Programa Nacional de Vacunaci\u00f3n, estrategia anual de vacuna bivalente dirigida a grupos de riesgo. Pase de movilidad: Se elimina su exigencia. Aforos: Se eliminan en espacios abiertosy cerrados. Se recomienda ventilaci\u00f3n.&quot;\"\/><\/a><\/figure>\n\n\n\n<figure class=\"wp-block-image\"><img decoding=\"async\" src=\"\" alt=\"\"\/><\/figure>\n\n\n\n<p>2Mariela Norambuena y Yessenia Friz<\/p>\n","protected":false},"excerpt":{"rendered":"<p>2Mariela Norambuena y Yessenia Friz<\/p>\n","protected":false},"author":1,"featured_media":8370,"comment_status":"closed","ping_status":"open","sticky":false,"template":"","format":"standard","meta":{"footnotes":""},"categories":[3],"tags":[],"_links":{"self":[{"href":"https:\/\/www.colegiomanuelbulnes.cl\/index.php?rest_route=\/wp\/v2\/posts\/8369"}],"collection":[{"href":"https:\/\/www.colegiomanuelbulnes.cl\/index.php?rest_route=\/wp\/v2\/posts"}],"about":[{"href":"https:\/\/www.colegiomanuelbulnes.cl\/index.php?rest_route=\/wp\/v2\/types\/post"}],"author":[{"embeddable":true,"href":"https:\/\/www.colegiomanuelbulnes.cl\/index.php?rest_route=\/wp\/v2\/users\/1"}],"replies":[{"embeddable":true,"href":"https:\/\/www.colegiomanuelbulnes.cl\/index.php?rest_route=%2Fwp%2Fv2%2Fcomments&post=8369"}],"version-history":[{"count":1,"href":"https:\/\/www.colegiomanuelbulnes.cl\/index.php?rest_route=\/wp\/v2\/posts\/8369\/revisions"}],"predecessor-version":[{"id":8371,"href":"https:\/\/www.colegiomanuelbulnes.cl\/index.php?rest_route=\/wp\/v2\/posts\/8369\/revisions\/8371"}],"wp:featuredmedia":[{"embeddable":true,"href":"https:\/\/www.colegiomanuelbulnes.cl\/index.php?rest_route=\/wp\/v2\/media\/8370"}],"wp:attachment":[{"href":"https:\/\/www.colegiomanuelbulnes.cl\/index.php?rest_route=%2Fwp%2Fv2%2Fmedia&parent=8369"}],"wp:term":[{"taxonomy":"category","embeddable":true,"href":"https:\/\/www.colegiomanuelbulnes.cl\/index.php?rest_route=%2Fwp%2Fv2%2Fcategories&post=8369"},{"taxonomy":"post_tag","embeddable":true,"href":"https:\/\/www.colegiomanuelbulnes.cl\/index.php?rest_route=%2Fwp%2Fv2%2Ftags&post=8369"}],"curies":[{"name":"wp","href":"https:\/\/api.w.org\/{rel}","templated":true}]}}