{"id":8372,"date":"2022-10-04T07:42:19","date_gmt":"2022-10-04T11:42:19","guid":{"rendered":"http:\/\/www.colegiomanuelbulnes.cl\/?p=8372"},"modified":"2022-10-04T09:55:39","modified_gmt":"2022-10-04T13:55:39","slug":"01-de-octubre-dia-del-asistente-de-la-educacion","status":"publish","type":"post","link":"https:\/\/www.colegiomanuelbulnes.cl\/?p=8372","title":{"rendered":"01 de octubre dia del asistente de la educaci\u00f3n"},"content":{"rendered":"\n<p>En esta fecha celebramos a todos quienes desarrollan una actividad de apoyo dentro o fuera del aula para mejorar las instancias de aprendizaje de cada uno de nuestros estudiantes, nuestros queridos asistente la educaci\u00f3n constituyen una parte fundamental en la formaci\u00f3n integral de nuestros estudiantes, son ellos, muchas veces, los primeros confidentes de nuestros alumnos y alumnas que buscan ser escuchados o simplemente a <a><\/a>alguien que les ayude a solucionar sus problemas o desahogar sus penas.<\/p>\n\n\n\n<p>Su labor cala hondo en nuestros apoderados, ya que muchas veces son las primeras personas con quienes se encuentran cuando asisten al colegio a realizar alg\u00fan tr\u00e1mite o consulta.<\/p>\n\n\n\n<p>Con motivo de esta fecha tan especial, les saludamos afectuosamente, brind\u00e1ndoles un cari\u00f1oso y merecido homenaje. Deseamos adem\u00e1s, que Dios les bendiga y les d\u00e9 sabidur\u00eda para continuar desarrollando tan importante labor en apoyo de todos nuestros estudiantes y de toda nuestra comunidad educativa.<\/p>\n\n\n\n<figure class=\"wp-block-gallery has-nested-images columns-default is-cropped wp-block-gallery-1 is-layout-flex wp-block-gallery-is-layout-flex\">\n<figure class=\"wp-block-image size-large\"><img loading=\"lazy\" decoding=\"async\" width=\"1024\" height=\"797\" data-id=\"8373\" src=\"https:\/\/www.colegiomanuelbulnes.cl\/wp-content\/uploads\/2022\/10\/1-1024x797.png\" alt=\"\" class=\"wp-image-8373\" srcset=\"https:\/\/www.colegiomanuelbulnes.cl\/wp-content\/uploads\/2022\/10\/1-1024x797.png 1024w, https:\/\/www.colegiomanuelbulnes.cl\/wp-content\/uploads\/2022\/10\/1-300x233.png 300w, https:\/\/www.colegiomanuelbulnes.cl\/wp-content\/uploads\/2022\/10\/1-768x598.png 768w, https:\/\/www.colegiomanuelbulnes.cl\/wp-content\/uploads\/2022\/10\/1-782x609.png 782w, https:\/\/www.colegiomanuelbulnes.cl\/wp-content\/uploads\/2022\/10\/1.png 1069w\" sizes=\"(max-width: 1024px) 100vw, 1024px\" \/><\/figure>\n<\/figure>\n\n\n\n<figure class=\"wp-block-image size-large\"><img loading=\"lazy\" decoding=\"async\" width=\"1024\" height=\"780\" src=\"https:\/\/www.colegiomanuelbulnes.cl\/wp-content\/uploads\/2022\/10\/2-1024x780.png\" alt=\"\" class=\"wp-image-8374\" srcset=\"https:\/\/www.colegiomanuelbulnes.cl\/wp-content\/uploads\/2022\/10\/2-1024x780.png 1024w, https:\/\/www.colegiomanuelbulnes.cl\/wp-content\/uploads\/2022\/10\/2-300x228.png 300w, https:\/\/www.colegiomanuelbulnes.cl\/wp-content\/uploads\/2022\/10\/2-768x585.png 768w, https:\/\/www.colegiomanuelbulnes.cl\/wp-content\/uploads\/2022\/10\/2-782x596.png 782w, https:\/\/www.colegiomanuelbulnes.cl\/wp-content\/uploads\/2022\/10\/2.png 1074w\" sizes=\"(max-width: 1024px) 100vw, 1024px\" \/><\/figure>\n\n\n\n<figure class=\"wp-block-image size-full\"><img loading=\"lazy\" decoding=\"async\" width=\"715\" height=\"443\" src=\"https:\/\/www.colegiomanuelbulnes.cl\/wp-content\/uploads\/2022\/10\/3.png\" alt=\"\" class=\"wp-image-8377\" srcset=\"https:\/\/www.colegiomanuelbulnes.cl\/wp-content\/uploads\/2022\/10\/3.png 715w, https:\/\/www.colegiomanuelbulnes.cl\/wp-content\/uploads\/2022\/10\/3-300x186.png 300w\" sizes=\"(max-width: 715px) 100vw, 715px\" \/><\/figure>\n\n\n\n<figure class=\"wp-block-image size-full\"><img loading=\"lazy\" decoding=\"async\" width=\"753\" height=\"388\" src=\"https:\/\/www.colegiomanuelbulnes.cl\/wp-content\/uploads\/2022\/10\/45.png\" alt=\"\" class=\"wp-image-8384\" srcset=\"https:\/\/www.colegiomanuelbulnes.cl\/wp-content\/uploads\/2022\/10\/45.png 753w, https:\/\/www.colegiomanuelbulnes.cl\/wp-content\/uploads\/2022\/10\/45-300x155.png 300w\" sizes=\"(max-width: 753px) 100vw, 753px\" \/><\/figure>\n","protected":false},"excerpt":{"rendered":"<p>En esta fecha celebramos a todos quienes desarrollan una actividad de apoyo dentro o fuera del aula para mejorar las instancias de aprendizaje de cada uno de nuestros estudiantes, nuestros queridos asistente la educaci\u00f3n constituyen una parte fundamental en la formaci\u00f3n integral de nuestros estudiantes, son ellos, muchas veces, los primeros confidentes de nuestros alumnos [&hellip;]<\/p>\n","protected":false},"author":1,"featured_media":8373,"comment_status":"closed","ping_status":"open","sticky":false,"template":"","format":"standard","meta":{"footnotes":""},"categories":[3],"tags":[],"_links":{"self":[{"href":"https:\/\/www.colegiomanuelbulnes.cl\/index.php?rest_route=\/wp\/v2\/posts\/8372"}],"collection":[{"href":"https:\/\/www.colegiomanuelbulnes.cl\/index.php?rest_route=\/wp\/v2\/posts"}],"about":[{"href":"https:\/\/www.colegiomanuelbulnes.cl\/index.php?rest_route=\/wp\/v2\/types\/post"}],"author":[{"embeddable":true,"href":"https:\/\/www.colegiomanuelbulnes.cl\/index.php?rest_route=\/wp\/v2\/users\/1"}],"replies":[{"embeddable":true,"href":"https:\/\/www.colegiomanuelbulnes.cl\/index.php?rest_route=%2Fwp%2Fv2%2Fcomments&post=8372"}],"version-history":[{"count":4,"href":"https:\/\/www.colegiomanuelbulnes.cl\/index.php?rest_route=\/wp\/v2\/posts\/8372\/revisions"}],"predecessor-version":[{"id":8386,"href":"https:\/\/www.colegiomanuelbulnes.cl\/index.php?rest_route=\/wp\/v2\/posts\/8372\/revisions\/8386"}],"wp:featuredmedia":[{"embeddable":true,"href":"https:\/\/www.colegiomanuelbulnes.cl\/index.php?rest_route=\/wp\/v2\/media\/8373"}],"wp:attachment":[{"href":"https:\/\/www.colegiomanuelbulnes.cl\/index.php?rest_route=%2Fwp%2Fv2%2Fmedia&parent=8372"}],"wp:term":[{"taxonomy":"category","embeddable":true,"href":"https:\/\/www.colegiomanuelbulnes.cl\/index.php?rest_route=%2Fwp%2Fv2%2Fcategories&post=8372"},{"taxonomy":"post_tag","embeddable":true,"href":"https:\/\/www.colegiomanuelbulnes.cl\/index.php?rest_route=%2Fwp%2Fv2%2Ftags&post=8372"}],"curies":[{"name":"wp","href":"https:\/\/api.w.org\/{rel}","templated":true}]}}