{"id":8379,"date":"2022-10-04T09:23:56","date_gmt":"2022-10-04T13:23:56","guid":{"rendered":"http:\/\/www.colegiomanuelbulnes.cl\/?p=8379"},"modified":"2022-10-04T09:23:56","modified_gmt":"2022-10-04T13:23:56","slug":"reuniones-de-padres-y-apoderados-octubre-2022","status":"publish","type":"post","link":"https:\/\/www.colegiomanuelbulnes.cl\/?p=8379","title":{"rendered":"Reuniones de padres y apoderados octubre 2022"},"content":{"rendered":"\n<p>Estimada comunidad educativa, compartimos con ustedes las fechas y horas de las reuniones de padres y apoderados(as) de primer y segundo ciclo, correspondientes al mes de octubre, las cuales, se mantendr\u00e1n de manera ONLINE. Es importante mencionar que cada profesor jefe har\u00e1 llegar el link de acceso a la reuni\u00f3n a su curso mediante el correo institucional.<br>Atentamente La Direcci\u00f3n.<\/p>\n\n\n\n<figure class=\"wp-block-gallery has-nested-images columns-default is-cropped wp-block-gallery-1 is-layout-flex wp-block-gallery-is-layout-flex\">\n<figure class=\"wp-block-image size-large\"><img loading=\"lazy\" decoding=\"async\" width=\"960\" height=\"720\" data-id=\"8380\" src=\"https:\/\/www.colegiomanuelbulnes.cl\/wp-content\/uploads\/2022\/10\/Diapositiva2.png\" alt=\"\" class=\"wp-image-8380\" srcset=\"https:\/\/www.colegiomanuelbulnes.cl\/wp-content\/uploads\/2022\/10\/Diapositiva2.png 960w, https:\/\/www.colegiomanuelbulnes.cl\/wp-content\/uploads\/2022\/10\/Diapositiva2-300x225.png 300w, https:\/\/www.colegiomanuelbulnes.cl\/wp-content\/uploads\/2022\/10\/Diapositiva2-768x576.png 768w, https:\/\/www.colegiomanuelbulnes.cl\/wp-content\/uploads\/2022\/10\/Diapositiva2-782x587.png 782w\" sizes=\"(max-width: 960px) 100vw, 960px\" \/><\/figure>\n\n\n\n<figure class=\"wp-block-image size-large\"><img loading=\"lazy\" decoding=\"async\" width=\"960\" height=\"720\" data-id=\"8381\" src=\"https:\/\/www.colegiomanuelbulnes.cl\/wp-content\/uploads\/2022\/10\/Diapositiva3.png\" alt=\"\" class=\"wp-image-8381\" srcset=\"https:\/\/www.colegiomanuelbulnes.cl\/wp-content\/uploads\/2022\/10\/Diapositiva3.png 960w, https:\/\/www.colegiomanuelbulnes.cl\/wp-content\/uploads\/2022\/10\/Diapositiva3-300x225.png 300w, https:\/\/www.colegiomanuelbulnes.cl\/wp-content\/uploads\/2022\/10\/Diapositiva3-768x576.png 768w, https:\/\/www.colegiomanuelbulnes.cl\/wp-content\/uploads\/2022\/10\/Diapositiva3-782x587.png 782w\" sizes=\"(max-width: 960px) 100vw, 960px\" \/><\/figure>\n<\/figure>\n","protected":false},"excerpt":{"rendered":"<p>Estimada comunidad educativa, compartimos con ustedes las fechas y horas de las reuniones de padres y apoderados(as) de primer y segundo ciclo, correspondientes al mes de octubre, las cuales, se mantendr\u00e1n de manera ONLINE. Es importante mencionar que cada profesor jefe har\u00e1 llegar el link de acceso a la reuni\u00f3n a su curso mediante el [&hellip;]<\/p>\n","protected":false},"author":1,"featured_media":8382,"comment_status":"closed","ping_status":"open","sticky":false,"template":"","format":"standard","meta":{"footnotes":""},"categories":[3],"tags":[],"_links":{"self":[{"href":"https:\/\/www.colegiomanuelbulnes.cl\/index.php?rest_route=\/wp\/v2\/posts\/8379"}],"collection":[{"href":"https:\/\/www.colegiomanuelbulnes.cl\/index.php?rest_route=\/wp\/v2\/posts"}],"about":[{"href":"https:\/\/www.colegiomanuelbulnes.cl\/index.php?rest_route=\/wp\/v2\/types\/post"}],"author":[{"embeddable":true,"href":"https:\/\/www.colegiomanuelbulnes.cl\/index.php?rest_route=\/wp\/v2\/users\/1"}],"replies":[{"embeddable":true,"href":"https:\/\/www.colegiomanuelbulnes.cl\/index.php?rest_route=%2Fwp%2Fv2%2Fcomments&post=8379"}],"version-history":[{"count":1,"href":"https:\/\/www.colegiomanuelbulnes.cl\/index.php?rest_route=\/wp\/v2\/posts\/8379\/revisions"}],"predecessor-version":[{"id":8383,"href":"https:\/\/www.colegiomanuelbulnes.cl\/index.php?rest_route=\/wp\/v2\/posts\/8379\/revisions\/8383"}],"wp:featuredmedia":[{"embeddable":true,"href":"https:\/\/www.colegiomanuelbulnes.cl\/index.php?rest_route=\/wp\/v2\/media\/8382"}],"wp:attachment":[{"href":"https:\/\/www.colegiomanuelbulnes.cl\/index.php?rest_route=%2Fwp%2Fv2%2Fmedia&parent=8379"}],"wp:term":[{"taxonomy":"category","embeddable":true,"href":"https:\/\/www.colegiomanuelbulnes.cl\/index.php?rest_route=%2Fwp%2Fv2%2Fcategories&post=8379"},{"taxonomy":"post_tag","embeddable":true,"href":"https:\/\/www.colegiomanuelbulnes.cl\/index.php?rest_route=%2Fwp%2Fv2%2Ftags&post=8379"}],"curies":[{"name":"wp","href":"https:\/\/api.w.org\/{rel}","templated":true}]}}