{"id":8405,"date":"2022-10-13T16:13:48","date_gmt":"2022-10-13T20:13:48","guid":{"rendered":"http:\/\/www.colegiomanuelbulnes.cl\/?p=8405"},"modified":"2022-10-19T11:51:00","modified_gmt":"2022-10-19T15:51:00","slug":"dia-de-los-docentes-y-asistentes-de-la-educacion","status":"publish","type":"post","link":"https:\/\/www.colegiomanuelbulnes.cl\/?p=8405","title":{"rendered":"\ufffcD\u00eda de los Docentes y Asistentes de la Educaci\u00f3n. \ufffc\ufffc\ufffc"},"content":{"rendered":"\n<p>Hoy Jueves 13 de octubre celebramos en las dependencias de nuestro establecimiento a todos nuestros docentes y asistentes de la educaci\u00f3n.<\/p>\n\n\n\n<p>Un solo d\u00eda no basta para destacar a quienes ejercen su labor con tanta dedicaci\u00f3n y profesionalismo, sin embargo, sabemos que su recompensa la reciben en cada sonrisa y muestras de cari\u00f1o que los ni\u00f1os y ni\u00f1as le entregan a diario.<\/p>\n\n\n\n<p><a><\/a>Reciban un afectuoso saludo y nuestros respetos por tanta entrega en la misi\u00f3n de educar, aunque a veces en este camino se enfrentan a adversidades, tambi\u00e9n est\u00e1 lleno de alegr\u00edas y esperanzas.<\/p>\n\n\n\n<p>\u00a1Felicidades a todos los funcionarios que forman parte de nuestra comunidad educativa!<\/p>\n\n\n\n<p>\u201cAgradecemos a cada uno por la entrega, amor y voluntad con la cual realizan su trabajo d\u00eda a d\u00eda, sin ustedes no ser\u00eda lo mismo\u201d<\/p>\n\n\n\n<figure class=\"wp-block-gallery has-nested-images columns-default is-cropped wp-block-gallery-1 is-layout-flex wp-block-gallery-is-layout-flex\">\n<figure class=\"wp-block-image size-large\"><img loading=\"lazy\" decoding=\"async\" width=\"1024\" height=\"461\" data-id=\"8407\" src=\"https:\/\/www.colegiomanuelbulnes.cl\/wp-content\/uploads\/2022\/10\/WhatsApp-Image-2022-10-13-at-17.07.11-1024x461.jpeg\" alt=\"\" class=\"wp-image-8407\" srcset=\"https:\/\/www.colegiomanuelbulnes.cl\/wp-content\/uploads\/2022\/10\/WhatsApp-Image-2022-10-13-at-17.07.11-1024x461.jpeg 1024w, https:\/\/www.colegiomanuelbulnes.cl\/wp-content\/uploads\/2022\/10\/WhatsApp-Image-2022-10-13-at-17.07.11-300x135.jpeg 300w, https:\/\/www.colegiomanuelbulnes.cl\/wp-content\/uploads\/2022\/10\/WhatsApp-Image-2022-10-13-at-17.07.11-768x346.jpeg 768w, https:\/\/www.colegiomanuelbulnes.cl\/wp-content\/uploads\/2022\/10\/WhatsApp-Image-2022-10-13-at-17.07.11-782x352.jpeg 782w, https:\/\/www.colegiomanuelbulnes.cl\/wp-content\/uploads\/2022\/10\/WhatsApp-Image-2022-10-13-at-17.07.11.jpeg 1280w\" sizes=\"(max-width: 1024px) 100vw, 1024px\" \/><\/figure>\n\n\n\n<figure class=\"wp-block-image size-large\"><img loading=\"lazy\" decoding=\"async\" width=\"1024\" height=\"461\" data-id=\"8406\" src=\"https:\/\/www.colegiomanuelbulnes.cl\/wp-content\/uploads\/2022\/10\/WhatsApp-Image-2022-10-13-at-17.07.10-1024x461.jpeg\" alt=\"\" class=\"wp-image-8406\" srcset=\"https:\/\/www.colegiomanuelbulnes.cl\/wp-content\/uploads\/2022\/10\/WhatsApp-Image-2022-10-13-at-17.07.10-1024x461.jpeg 1024w, https:\/\/www.colegiomanuelbulnes.cl\/wp-content\/uploads\/2022\/10\/WhatsApp-Image-2022-10-13-at-17.07.10-300x135.jpeg 300w, https:\/\/www.colegiomanuelbulnes.cl\/wp-content\/uploads\/2022\/10\/WhatsApp-Image-2022-10-13-at-17.07.10-768x346.jpeg 768w, https:\/\/www.colegiomanuelbulnes.cl\/wp-content\/uploads\/2022\/10\/WhatsApp-Image-2022-10-13-at-17.07.10-782x352.jpeg 782w, https:\/\/www.colegiomanuelbulnes.cl\/wp-content\/uploads\/2022\/10\/WhatsApp-Image-2022-10-13-at-17.07.10.jpeg 1280w\" sizes=\"(max-width: 1024px) 100vw, 1024px\" \/><\/figure>\n\n\n\n<figure class=\"wp-block-image size-large\"><img loading=\"lazy\" decoding=\"async\" width=\"1024\" height=\"461\" data-id=\"8408\" src=\"https:\/\/www.colegiomanuelbulnes.cl\/wp-content\/uploads\/2022\/10\/WhatsApp-Image-2022-10-13-at-16.52.58-1024x461.jpeg\" alt=\"\" class=\"wp-image-8408\" srcset=\"https:\/\/www.colegiomanuelbulnes.cl\/wp-content\/uploads\/2022\/10\/WhatsApp-Image-2022-10-13-at-16.52.58-1024x461.jpeg 1024w, https:\/\/www.colegiomanuelbulnes.cl\/wp-content\/uploads\/2022\/10\/WhatsApp-Image-2022-10-13-at-16.52.58-300x135.jpeg 300w, https:\/\/www.colegiomanuelbulnes.cl\/wp-content\/uploads\/2022\/10\/WhatsApp-Image-2022-10-13-at-16.52.58-768x346.jpeg 768w, https:\/\/www.colegiomanuelbulnes.cl\/wp-content\/uploads\/2022\/10\/WhatsApp-Image-2022-10-13-at-16.52.58-1536x691.jpeg 1536w, https:\/\/www.colegiomanuelbulnes.cl\/wp-content\/uploads\/2022\/10\/WhatsApp-Image-2022-10-13-at-16.52.58-782x352.jpeg 782w, https:\/\/www.colegiomanuelbulnes.cl\/wp-content\/uploads\/2022\/10\/WhatsApp-Image-2022-10-13-at-16.52.58.jpeg 1600w\" sizes=\"(max-width: 1024px) 100vw, 1024px\" \/><\/figure>\n\n\n\n<figure class=\"wp-block-image size-large\"><img loading=\"lazy\" decoding=\"async\" width=\"1024\" height=\"576\" data-id=\"8409\" src=\"https:\/\/www.colegiomanuelbulnes.cl\/wp-content\/uploads\/2022\/10\/WhatsApp-Image-2022-10-13-at-16.52.44-1024x576.jpeg\" alt=\"\" class=\"wp-image-8409\" srcset=\"https:\/\/www.colegiomanuelbulnes.cl\/wp-content\/uploads\/2022\/10\/WhatsApp-Image-2022-10-13-at-16.52.44-1024x576.jpeg 1024w, https:\/\/www.colegiomanuelbulnes.cl\/wp-content\/uploads\/2022\/10\/WhatsApp-Image-2022-10-13-at-16.52.44-300x169.jpeg 300w, https:\/\/www.colegiomanuelbulnes.cl\/wp-content\/uploads\/2022\/10\/WhatsApp-Image-2022-10-13-at-16.52.44-768x432.jpeg 768w, https:\/\/www.colegiomanuelbulnes.cl\/wp-content\/uploads\/2022\/10\/WhatsApp-Image-2022-10-13-at-16.52.44-1536x864.jpeg 1536w, https:\/\/www.colegiomanuelbulnes.cl\/wp-content\/uploads\/2022\/10\/WhatsApp-Image-2022-10-13-at-16.52.44-782x440.jpeg 782w, https:\/\/www.colegiomanuelbulnes.cl\/wp-content\/uploads\/2022\/10\/WhatsApp-Image-2022-10-13-at-16.52.44.jpeg 1600w\" sizes=\"(max-width: 1024px) 100vw, 1024px\" \/><\/figure>\n<\/figure>\n","protected":false},"excerpt":{"rendered":"<p>Hoy Jueves 13 de octubre celebramos en las dependencias de nuestro establecimiento a todos nuestros docentes y asistentes de la educaci\u00f3n. Un solo d\u00eda no basta para destacar a quienes ejercen su labor con tanta dedicaci\u00f3n y profesionalismo, sin embargo, sabemos que su recompensa la reciben en cada sonrisa y muestras de cari\u00f1o que los [&hellip;]<\/p>\n","protected":false},"author":1,"featured_media":8409,"comment_status":"closed","ping_status":"open","sticky":false,"template":"","format":"standard","meta":{"footnotes":""},"categories":[3],"tags":[],"_links":{"self":[{"href":"https:\/\/www.colegiomanuelbulnes.cl\/index.php?rest_route=\/wp\/v2\/posts\/8405"}],"collection":[{"href":"https:\/\/www.colegiomanuelbulnes.cl\/index.php?rest_route=\/wp\/v2\/posts"}],"about":[{"href":"https:\/\/www.colegiomanuelbulnes.cl\/index.php?rest_route=\/wp\/v2\/types\/post"}],"author":[{"embeddable":true,"href":"https:\/\/www.colegiomanuelbulnes.cl\/index.php?rest_route=\/wp\/v2\/users\/1"}],"replies":[{"embeddable":true,"href":"https:\/\/www.colegiomanuelbulnes.cl\/index.php?rest_route=%2Fwp%2Fv2%2Fcomments&post=8405"}],"version-history":[{"count":2,"href":"https:\/\/www.colegiomanuelbulnes.cl\/index.php?rest_route=\/wp\/v2\/posts\/8405\/revisions"}],"predecessor-version":[{"id":8442,"href":"https:\/\/www.colegiomanuelbulnes.cl\/index.php?rest_route=\/wp\/v2\/posts\/8405\/revisions\/8442"}],"wp:featuredmedia":[{"embeddable":true,"href":"https:\/\/www.colegiomanuelbulnes.cl\/index.php?rest_route=\/wp\/v2\/media\/8409"}],"wp:attachment":[{"href":"https:\/\/www.colegiomanuelbulnes.cl\/index.php?rest_route=%2Fwp%2Fv2%2Fmedia&parent=8405"}],"wp:term":[{"taxonomy":"category","embeddable":true,"href":"https:\/\/www.colegiomanuelbulnes.cl\/index.php?rest_route=%2Fwp%2Fv2%2Fcategories&post=8405"},{"taxonomy":"post_tag","embeddable":true,"href":"https:\/\/www.colegiomanuelbulnes.cl\/index.php?rest_route=%2Fwp%2Fv2%2Ftags&post=8405"}],"curies":[{"name":"wp","href":"https:\/\/api.w.org\/{rel}","templated":true}]}}