{"id":8491,"date":"2022-11-29T08:59:45","date_gmt":"2022-11-29T12:59:45","guid":{"rendered":"http:\/\/www.colegiomanuelbulnes.cl\/?p=8491"},"modified":"2022-11-29T09:01:07","modified_gmt":"2022-11-29T13:01:07","slug":"%f0%9f%93%8cpremio-al-mejor-deportista-del-ano-2022","status":"publish","type":"post","link":"https:\/\/www.colegiomanuelbulnes.cl\/?p=8491","title":{"rendered":"\ud83d\udcccPREMIO AL MEJOR DEPORTISTA DEL A\u00d1O 2022"},"content":{"rendered":"\n<p>El Consejo local de deportes (COLODEP) realiz\u00f3 hace un par de semanas la premiaci\u00f3n del deportista m\u00e1s destacado de todas las ramas deportivas de nuestra ciudad, en donde cada club deb\u00eda enviar el nombre de su deportista nominado. Para dicho premio la ACADEMIA DE F\u00daTBOL LOS TIBURONCITOS DE LINARES comandados por Don Jaime Nova eligieron a JOS\u00c9 PARADA DAZA Alumno de nuestro establecimiento quien fue finalmente elegido como EL MEJOR DEPORTISTA DEL A\u00d1O 2022 de la ciudad de Linares.<\/p>\n\n\n\n<p>C\u00f3mo colegio estamos orgullosos por el premio otorgado a nuestro querido alumnos Jos\u00e9 Parada y esperamos que siga creciendo en este lindo deporte que es el F\u00fatbol y pueda cumplir todos los objetivos que se proponga de aqu\u00ed en m\u00e1s.<\/p>\n\n\n\n<figure class=\"wp-block-gallery has-nested-images columns-default is-cropped wp-block-gallery-1 is-layout-flex wp-block-gallery-is-layout-flex\">\n<figure class=\"wp-block-image size-large\"><img loading=\"lazy\" decoding=\"async\" width=\"1024\" height=\"768\" data-id=\"8492\" src=\"https:\/\/www.colegiomanuelbulnes.cl\/wp-content\/uploads\/2022\/11\/WhatsApp-Image-2022-11-24-at-09.27.38-1024x768.jpeg\" alt=\"\" class=\"wp-image-8492\" srcset=\"https:\/\/www.colegiomanuelbulnes.cl\/wp-content\/uploads\/2022\/11\/WhatsApp-Image-2022-11-24-at-09.27.38-1024x768.jpeg 1024w, https:\/\/www.colegiomanuelbulnes.cl\/wp-content\/uploads\/2022\/11\/WhatsApp-Image-2022-11-24-at-09.27.38-300x225.jpeg 300w, https:\/\/www.colegiomanuelbulnes.cl\/wp-content\/uploads\/2022\/11\/WhatsApp-Image-2022-11-24-at-09.27.38-768x576.jpeg 768w, https:\/\/www.colegiomanuelbulnes.cl\/wp-content\/uploads\/2022\/11\/WhatsApp-Image-2022-11-24-at-09.27.38-1536x1152.jpeg 1536w, https:\/\/www.colegiomanuelbulnes.cl\/wp-content\/uploads\/2022\/11\/WhatsApp-Image-2022-11-24-at-09.27.38-782x587.jpeg 782w, https:\/\/www.colegiomanuelbulnes.cl\/wp-content\/uploads\/2022\/11\/WhatsApp-Image-2022-11-24-at-09.27.38.jpeg 1600w\" sizes=\"(max-width: 1024px) 100vw, 1024px\" \/><\/figure>\n\n\n\n<figure class=\"wp-block-image size-large\"><img loading=\"lazy\" decoding=\"async\" width=\"576\" height=\"1024\" data-id=\"8494\" src=\"https:\/\/www.colegiomanuelbulnes.cl\/wp-content\/uploads\/2022\/11\/1669724845504-576x1024.jpg\" alt=\"\" class=\"wp-image-8494\" srcset=\"https:\/\/www.colegiomanuelbulnes.cl\/wp-content\/uploads\/2022\/11\/1669724845504-576x1024.jpg 576w, https:\/\/www.colegiomanuelbulnes.cl\/wp-content\/uploads\/2022\/11\/1669724845504-169x300.jpg 169w, https:\/\/www.colegiomanuelbulnes.cl\/wp-content\/uploads\/2022\/11\/1669724845504-768x1365.jpg 768w, https:\/\/www.colegiomanuelbulnes.cl\/wp-content\/uploads\/2022\/11\/1669724845504-864x1536.jpg 864w, https:\/\/www.colegiomanuelbulnes.cl\/wp-content\/uploads\/2022\/11\/1669724845504-1152x2048.jpg 1152w, https:\/\/www.colegiomanuelbulnes.cl\/wp-content\/uploads\/2022\/11\/1669724845504-782x1390.jpg 782w, https:\/\/www.colegiomanuelbulnes.cl\/wp-content\/uploads\/2022\/11\/1669724845504-scaled.jpg 1440w\" sizes=\"(max-width: 576px) 100vw, 576px\" \/><\/figure>\n\n\n\n<figure class=\"wp-block-image size-large\"><img loading=\"lazy\" decoding=\"async\" width=\"728\" height=\"1024\" data-id=\"8495\" src=\"https:\/\/www.colegiomanuelbulnes.cl\/wp-content\/uploads\/2022\/11\/1669724826498-728x1024.jpg\" alt=\"\" class=\"wp-image-8495\" srcset=\"https:\/\/www.colegiomanuelbulnes.cl\/wp-content\/uploads\/2022\/11\/1669724826498-728x1024.jpg 728w, https:\/\/www.colegiomanuelbulnes.cl\/wp-content\/uploads\/2022\/11\/1669724826498-213x300.jpg 213w, https:\/\/www.colegiomanuelbulnes.cl\/wp-content\/uploads\/2022\/11\/1669724826498-768x1080.jpg 768w, https:\/\/www.colegiomanuelbulnes.cl\/wp-content\/uploads\/2022\/11\/1669724826498-1092x1536.jpg 1092w, https:\/\/www.colegiomanuelbulnes.cl\/wp-content\/uploads\/2022\/11\/1669724826498-1456x2048.jpg 1456w, https:\/\/www.colegiomanuelbulnes.cl\/wp-content\/uploads\/2022\/11\/1669724826498-782x1100.jpg 782w, https:\/\/www.colegiomanuelbulnes.cl\/wp-content\/uploads\/2022\/11\/1669724826498-scaled.jpg 1820w\" sizes=\"(max-width: 728px) 100vw, 728px\" \/><\/figure>\n<\/figure>\n","protected":false},"excerpt":{"rendered":"<p>El Consejo local de deportes (COLODEP) realiz\u00f3 hace un par de semanas la premiaci\u00f3n del deportista m\u00e1s destacado de todas las ramas deportivas de nuestra ciudad, en donde cada club deb\u00eda enviar el nombre de su deportista nominado. Para dicho premio la ACADEMIA DE F\u00daTBOL LOS TIBURONCITOS DE LINARES comandados por Don Jaime Nova eligieron [&hellip;]<\/p>\n","protected":false},"author":1,"featured_media":8492,"comment_status":"closed","ping_status":"open","sticky":false,"template":"","format":"standard","meta":{"footnotes":""},"categories":[3],"tags":[],"_links":{"self":[{"href":"https:\/\/www.colegiomanuelbulnes.cl\/index.php?rest_route=\/wp\/v2\/posts\/8491"}],"collection":[{"href":"https:\/\/www.colegiomanuelbulnes.cl\/index.php?rest_route=\/wp\/v2\/posts"}],"about":[{"href":"https:\/\/www.colegiomanuelbulnes.cl\/index.php?rest_route=\/wp\/v2\/types\/post"}],"author":[{"embeddable":true,"href":"https:\/\/www.colegiomanuelbulnes.cl\/index.php?rest_route=\/wp\/v2\/users\/1"}],"replies":[{"embeddable":true,"href":"https:\/\/www.colegiomanuelbulnes.cl\/index.php?rest_route=%2Fwp%2Fv2%2Fcomments&post=8491"}],"version-history":[{"count":3,"href":"https:\/\/www.colegiomanuelbulnes.cl\/index.php?rest_route=\/wp\/v2\/posts\/8491\/revisions"}],"predecessor-version":[{"id":8497,"href":"https:\/\/www.colegiomanuelbulnes.cl\/index.php?rest_route=\/wp\/v2\/posts\/8491\/revisions\/8497"}],"wp:featuredmedia":[{"embeddable":true,"href":"https:\/\/www.colegiomanuelbulnes.cl\/index.php?rest_route=\/wp\/v2\/media\/8492"}],"wp:attachment":[{"href":"https:\/\/www.colegiomanuelbulnes.cl\/index.php?rest_route=%2Fwp%2Fv2%2Fmedia&parent=8491"}],"wp:term":[{"taxonomy":"category","embeddable":true,"href":"https:\/\/www.colegiomanuelbulnes.cl\/index.php?rest_route=%2Fwp%2Fv2%2Fcategories&post=8491"},{"taxonomy":"post_tag","embeddable":true,"href":"https:\/\/www.colegiomanuelbulnes.cl\/index.php?rest_route=%2Fwp%2Fv2%2Ftags&post=8491"}],"curies":[{"name":"wp","href":"https:\/\/api.w.org\/{rel}","templated":true}]}}