{"id":8572,"date":"2023-02-23T12:16:34","date_gmt":"2023-02-23T16:16:34","guid":{"rendered":"http:\/\/www.colegiomanuelbulnes.cl\/?p=8572"},"modified":"2023-02-23T12:16:34","modified_gmt":"2023-02-23T16:16:34","slug":"inicio-ano-academico-2023","status":"publish","type":"post","link":"https:\/\/www.colegiomanuelbulnes.cl\/?p=8572","title":{"rendered":"INICIO A\u00d1O ACAD\u00c9MICO 2023"},"content":{"rendered":"\n<p>Informamos a toda nuestra comunidad educativa, que el inicio del a\u00f1o escolar 2023 ser\u00e1 el d\u00eda lunes 27 de febrero en los horarios que se muestran en la imagen que acompa\u00f1a esta publicaci\u00f3n.<\/p>\n\n\n\n<p>Recordamos a todos nuestros padres y apoderados, que de acuerdo a nuestro Proyecto Educativo Institucional, el uso del uniforme escolar para este a\u00f1o ser\u00e1 de car\u00e1cter obligatorio.<\/p>\n\n\n\n<p>Atentamente,<\/p>\n\n\n\n<p>La Direcci\u00f3n<\/p>\n\n\n\n<p>Colegio Manuel Bulnes de Linares.<\/p>\n\n\n\n<figure class=\"wp-block-image size-large\"><img loading=\"lazy\" decoding=\"async\" width=\"1024\" height=\"576\" src=\"https:\/\/www.colegiomanuelbulnes.cl\/wp-content\/uploads\/2023\/02\/VUELTA-A-CLASES-00-1-1024x576.png\" alt=\"\" class=\"wp-image-8574\" srcset=\"https:\/\/www.colegiomanuelbulnes.cl\/wp-content\/uploads\/2023\/02\/VUELTA-A-CLASES-00-1-1024x576.png 1024w, https:\/\/www.colegiomanuelbulnes.cl\/wp-content\/uploads\/2023\/02\/VUELTA-A-CLASES-00-1-300x169.png 300w, https:\/\/www.colegiomanuelbulnes.cl\/wp-content\/uploads\/2023\/02\/VUELTA-A-CLASES-00-1-768x432.png 768w, https:\/\/www.colegiomanuelbulnes.cl\/wp-content\/uploads\/2023\/02\/VUELTA-A-CLASES-00-1-782x440.png 782w, https:\/\/www.colegiomanuelbulnes.cl\/wp-content\/uploads\/2023\/02\/VUELTA-A-CLASES-00-1.png 1280w\" sizes=\"(max-width: 1024px) 100vw, 1024px\" \/><\/figure>\n","protected":false},"excerpt":{"rendered":"<p>Informamos a toda nuestra comunidad educativa, que el inicio del a\u00f1o escolar 2023 ser\u00e1 el d\u00eda lunes 27 de febrero en los horarios que se muestran en la imagen que acompa\u00f1a esta publicaci\u00f3n. Recordamos a todos nuestros padres y apoderados, que de acuerdo a nuestro Proyecto Educativo Institucional, el uso del uniforme escolar para este [&hellip;]<\/p>\n","protected":false},"author":1,"featured_media":8573,"comment_status":"closed","ping_status":"open","sticky":false,"template":"","format":"standard","meta":{"footnotes":""},"categories":[3],"tags":[],"_links":{"self":[{"href":"https:\/\/www.colegiomanuelbulnes.cl\/index.php?rest_route=\/wp\/v2\/posts\/8572"}],"collection":[{"href":"https:\/\/www.colegiomanuelbulnes.cl\/index.php?rest_route=\/wp\/v2\/posts"}],"about":[{"href":"https:\/\/www.colegiomanuelbulnes.cl\/index.php?rest_route=\/wp\/v2\/types\/post"}],"author":[{"embeddable":true,"href":"https:\/\/www.colegiomanuelbulnes.cl\/index.php?rest_route=\/wp\/v2\/users\/1"}],"replies":[{"embeddable":true,"href":"https:\/\/www.colegiomanuelbulnes.cl\/index.php?rest_route=%2Fwp%2Fv2%2Fcomments&post=8572"}],"version-history":[{"count":1,"href":"https:\/\/www.colegiomanuelbulnes.cl\/index.php?rest_route=\/wp\/v2\/posts\/8572\/revisions"}],"predecessor-version":[{"id":8575,"href":"https:\/\/www.colegiomanuelbulnes.cl\/index.php?rest_route=\/wp\/v2\/posts\/8572\/revisions\/8575"}],"wp:featuredmedia":[{"embeddable":true,"href":"https:\/\/www.colegiomanuelbulnes.cl\/index.php?rest_route=\/wp\/v2\/media\/8573"}],"wp:attachment":[{"href":"https:\/\/www.colegiomanuelbulnes.cl\/index.php?rest_route=%2Fwp%2Fv2%2Fmedia&parent=8572"}],"wp:term":[{"taxonomy":"category","embeddable":true,"href":"https:\/\/www.colegiomanuelbulnes.cl\/index.php?rest_route=%2Fwp%2Fv2%2Fcategories&post=8572"},{"taxonomy":"post_tag","embeddable":true,"href":"https:\/\/www.colegiomanuelbulnes.cl\/index.php?rest_route=%2Fwp%2Fv2%2Ftags&post=8572"}],"curies":[{"name":"wp","href":"https:\/\/api.w.org\/{rel}","templated":true}]}}