{"id":8592,"date":"2023-03-03T13:58:25","date_gmt":"2023-03-03T17:58:25","guid":{"rendered":"http:\/\/www.colegiomanuelbulnes.cl\/?p=8592"},"modified":"2023-03-03T13:58:25","modified_gmt":"2023-03-03T17:58:25","slug":"horarios-semana-6-10-marzo","status":"publish","type":"post","link":"https:\/\/www.colegiomanuelbulnes.cl\/?p=8592","title":{"rendered":"Horarios semana 6-10 Marzo"},"content":{"rendered":"\n<p>Estimada Comunidad Educativa,<\/p>\n\n\n\n<p>Esperando que se encuentren muy bien, y que est\u00e9n teniendo un excelente comienzo de a\u00f1o escolar 2023, les informamos que, desde el pr\u00f3ximo lunes 06 de marzo, los horarios de clases volver\u00e1n a la normalidad, incorporando la s\u00e9ptima de hora en los niveles correspondientes.<\/p>\n\n\n\n<p><a><\/a>Rogamos poner atenci\u00f3n a los horarios entregados por los profesores jefe de cada curso, a fin de evitar confusiones al momento de retirar a los estudiantes.<\/p>\n\n\n\n<p>Aqu\u00ed va un resumen de los horarios de cada curso, de acuerdo a su respectiva jornada:<\/p>\n\n\n\n<figure class=\"wp-block-image size-large\"><img loading=\"lazy\" decoding=\"async\" width=\"1024\" height=\"576\" src=\"https:\/\/www.colegiomanuelbulnes.cl\/wp-content\/uploads\/2023\/03\/SEGUNDA-SEMANA-PARVULO-1-1024x576.png\" alt=\"\" class=\"wp-image-8596\" srcset=\"https:\/\/www.colegiomanuelbulnes.cl\/wp-content\/uploads\/2023\/03\/SEGUNDA-SEMANA-PARVULO-1-1024x576.png 1024w, https:\/\/www.colegiomanuelbulnes.cl\/wp-content\/uploads\/2023\/03\/SEGUNDA-SEMANA-PARVULO-1-300x169.png 300w, https:\/\/www.colegiomanuelbulnes.cl\/wp-content\/uploads\/2023\/03\/SEGUNDA-SEMANA-PARVULO-1-768x432.png 768w, https:\/\/www.colegiomanuelbulnes.cl\/wp-content\/uploads\/2023\/03\/SEGUNDA-SEMANA-PARVULO-1-782x440.png 782w, https:\/\/www.colegiomanuelbulnes.cl\/wp-content\/uploads\/2023\/03\/SEGUNDA-SEMANA-PARVULO-1.png 1280w\" sizes=\"(max-width: 1024px) 100vw, 1024px\" \/><\/figure>\n\n\n\n<figure class=\"wp-block-image size-full\"><img loading=\"lazy\" decoding=\"async\" width=\"713\" height=\"527\" src=\"https:\/\/www.colegiomanuelbulnes.cl\/wp-content\/uploads\/2023\/03\/manana-1.jpg\" alt=\"\" class=\"wp-image-8597\" srcset=\"https:\/\/www.colegiomanuelbulnes.cl\/wp-content\/uploads\/2023\/03\/manana-1.jpg 713w, https:\/\/www.colegiomanuelbulnes.cl\/wp-content\/uploads\/2023\/03\/manana-1-300x222.jpg 300w\" sizes=\"(max-width: 713px) 100vw, 713px\" \/><\/figure>\n\n\n\n<figure class=\"wp-block-image size-full is-style-default\"><img loading=\"lazy\" decoding=\"async\" width=\"691\" height=\"535\" src=\"https:\/\/www.colegiomanuelbulnes.cl\/wp-content\/uploads\/2023\/03\/tarde-1.jpg\" alt=\"\" class=\"wp-image-8598\" srcset=\"https:\/\/www.colegiomanuelbulnes.cl\/wp-content\/uploads\/2023\/03\/tarde-1.jpg 691w, https:\/\/www.colegiomanuelbulnes.cl\/wp-content\/uploads\/2023\/03\/tarde-1-300x232.jpg 300w\" sizes=\"(max-width: 691px) 100vw, 691px\" \/><\/figure>\n","protected":false},"excerpt":{"rendered":"<p>Estimada Comunidad Educativa, Esperando que se encuentren muy bien, y que est\u00e9n teniendo un excelente comienzo de a\u00f1o escolar 2023, les informamos que, desde el pr\u00f3ximo lunes 06 de marzo, los horarios de clases volver\u00e1n a la normalidad, incorporando la s\u00e9ptima de hora en los niveles correspondientes. Rogamos poner atenci\u00f3n a los horarios entregados por [&hellip;]<\/p>\n","protected":false},"author":1,"featured_media":8596,"comment_status":"closed","ping_status":"open","sticky":false,"template":"","format":"standard","meta":{"footnotes":""},"categories":[3],"tags":[],"_links":{"self":[{"href":"https:\/\/www.colegiomanuelbulnes.cl\/index.php?rest_route=\/wp\/v2\/posts\/8592"}],"collection":[{"href":"https:\/\/www.colegiomanuelbulnes.cl\/index.php?rest_route=\/wp\/v2\/posts"}],"about":[{"href":"https:\/\/www.colegiomanuelbulnes.cl\/index.php?rest_route=\/wp\/v2\/types\/post"}],"author":[{"embeddable":true,"href":"https:\/\/www.colegiomanuelbulnes.cl\/index.php?rest_route=\/wp\/v2\/users\/1"}],"replies":[{"embeddable":true,"href":"https:\/\/www.colegiomanuelbulnes.cl\/index.php?rest_route=%2Fwp%2Fv2%2Fcomments&post=8592"}],"version-history":[{"count":1,"href":"https:\/\/www.colegiomanuelbulnes.cl\/index.php?rest_route=\/wp\/v2\/posts\/8592\/revisions"}],"predecessor-version":[{"id":8599,"href":"https:\/\/www.colegiomanuelbulnes.cl\/index.php?rest_route=\/wp\/v2\/posts\/8592\/revisions\/8599"}],"wp:featuredmedia":[{"embeddable":true,"href":"https:\/\/www.colegiomanuelbulnes.cl\/index.php?rest_route=\/wp\/v2\/media\/8596"}],"wp:attachment":[{"href":"https:\/\/www.colegiomanuelbulnes.cl\/index.php?rest_route=%2Fwp%2Fv2%2Fmedia&parent=8592"}],"wp:term":[{"taxonomy":"category","embeddable":true,"href":"https:\/\/www.colegiomanuelbulnes.cl\/index.php?rest_route=%2Fwp%2Fv2%2Fcategories&post=8592"},{"taxonomy":"post_tag","embeddable":true,"href":"https:\/\/www.colegiomanuelbulnes.cl\/index.php?rest_route=%2Fwp%2Fv2%2Ftags&post=8592"}],"curies":[{"name":"wp","href":"https:\/\/api.w.org\/{rel}","templated":true}]}}