{"id":8613,"date":"2023-03-27T09:48:38","date_gmt":"2023-03-27T13:48:38","guid":{"rendered":"http:\/\/www.colegiomanuelbulnes.cl\/?p=8613"},"modified":"2023-03-27T09:48:38","modified_gmt":"2023-03-27T13:48:38","slug":"%f0%9f%93%8cprimera-reunion-de-apoderados-marzo-2023","status":"publish","type":"post","link":"https:\/\/www.colegiomanuelbulnes.cl\/?p=8613","title":{"rendered":"\ud83d\udcccPrimera Reuni\u00f3n De Apoderados marzo 2023."},"content":{"rendered":"\n<p>Estimada comunidad educativa, compartimos con ustedes las fechas y horas de las reuniones de padres y apoderados(as) de primer y segundo ciclo, correspondientes al mes de marzo, las cuales, se realizar\u00e1n de manera PRESENCIAL.<\/p>\n\n\n\n<p>Aprovechamos la instancia para informar que la jornada de la tarde saldr\u00e1 a las 18:30 el d\u00eda martes y mi\u00e9rcoles.<\/p>\n\n\n\n<p>Atentamente La Direcci\u00f3n.<\/p>\n\n\n\n<figure class=\"wp-block-image size-full\"><img loading=\"lazy\" decoding=\"async\" width=\"960\" height=\"720\" src=\"https:\/\/www.colegiomanuelbulnes.cl\/wp-content\/uploads\/2023\/03\/Diapositiva1.png\" alt=\"\" class=\"wp-image-8615\" srcset=\"https:\/\/www.colegiomanuelbulnes.cl\/wp-content\/uploads\/2023\/03\/Diapositiva1.png 960w, https:\/\/www.colegiomanuelbulnes.cl\/wp-content\/uploads\/2023\/03\/Diapositiva1-300x225.png 300w, https:\/\/www.colegiomanuelbulnes.cl\/wp-content\/uploads\/2023\/03\/Diapositiva1-768x576.png 768w, https:\/\/www.colegiomanuelbulnes.cl\/wp-content\/uploads\/2023\/03\/Diapositiva1-782x587.png 782w\" sizes=\"(max-width: 960px) 100vw, 960px\" \/><\/figure>\n\n\n\n<figure class=\"wp-block-image size-full\"><img loading=\"lazy\" decoding=\"async\" width=\"960\" height=\"720\" src=\"https:\/\/www.colegiomanuelbulnes.cl\/wp-content\/uploads\/2023\/03\/Diapositiva2.png\" alt=\"\" class=\"wp-image-8616\" srcset=\"https:\/\/www.colegiomanuelbulnes.cl\/wp-content\/uploads\/2023\/03\/Diapositiva2.png 960w, https:\/\/www.colegiomanuelbulnes.cl\/wp-content\/uploads\/2023\/03\/Diapositiva2-300x225.png 300w, https:\/\/www.colegiomanuelbulnes.cl\/wp-content\/uploads\/2023\/03\/Diapositiva2-768x576.png 768w, https:\/\/www.colegiomanuelbulnes.cl\/wp-content\/uploads\/2023\/03\/Diapositiva2-782x587.png 782w\" sizes=\"(max-width: 960px) 100vw, 960px\" \/><\/figure>\n","protected":false},"excerpt":{"rendered":"<p>Estimada comunidad educativa, compartimos con ustedes las fechas y horas de las reuniones de padres y apoderados(as) de primer y segundo ciclo, correspondientes al mes de marzo, las cuales, se realizar\u00e1n de manera PRESENCIAL. Aprovechamos la instancia para informar que la jornada de la tarde saldr\u00e1 a las 18:30 el d\u00eda martes y mi\u00e9rcoles. Atentamente [&hellip;]<\/p>\n","protected":false},"author":1,"featured_media":8614,"comment_status":"closed","ping_status":"open","sticky":false,"template":"","format":"standard","meta":{"footnotes":""},"categories":[3],"tags":[],"_links":{"self":[{"href":"https:\/\/www.colegiomanuelbulnes.cl\/index.php?rest_route=\/wp\/v2\/posts\/8613"}],"collection":[{"href":"https:\/\/www.colegiomanuelbulnes.cl\/index.php?rest_route=\/wp\/v2\/posts"}],"about":[{"href":"https:\/\/www.colegiomanuelbulnes.cl\/index.php?rest_route=\/wp\/v2\/types\/post"}],"author":[{"embeddable":true,"href":"https:\/\/www.colegiomanuelbulnes.cl\/index.php?rest_route=\/wp\/v2\/users\/1"}],"replies":[{"embeddable":true,"href":"https:\/\/www.colegiomanuelbulnes.cl\/index.php?rest_route=%2Fwp%2Fv2%2Fcomments&post=8613"}],"version-history":[{"count":1,"href":"https:\/\/www.colegiomanuelbulnes.cl\/index.php?rest_route=\/wp\/v2\/posts\/8613\/revisions"}],"predecessor-version":[{"id":8617,"href":"https:\/\/www.colegiomanuelbulnes.cl\/index.php?rest_route=\/wp\/v2\/posts\/8613\/revisions\/8617"}],"wp:featuredmedia":[{"embeddable":true,"href":"https:\/\/www.colegiomanuelbulnes.cl\/index.php?rest_route=\/wp\/v2\/media\/8614"}],"wp:attachment":[{"href":"https:\/\/www.colegiomanuelbulnes.cl\/index.php?rest_route=%2Fwp%2Fv2%2Fmedia&parent=8613"}],"wp:term":[{"taxonomy":"category","embeddable":true,"href":"https:\/\/www.colegiomanuelbulnes.cl\/index.php?rest_route=%2Fwp%2Fv2%2Fcategories&post=8613"},{"taxonomy":"post_tag","embeddable":true,"href":"https:\/\/www.colegiomanuelbulnes.cl\/index.php?rest_route=%2Fwp%2Fv2%2Ftags&post=8613"}],"curies":[{"name":"wp","href":"https:\/\/api.w.org\/{rel}","templated":true}]}}