{"id":8754,"date":"2023-06-20T10:21:38","date_gmt":"2023-06-20T14:21:38","guid":{"rendered":"http:\/\/www.colegiomanuelbulnes.cl\/?p=8754"},"modified":"2023-06-20T10:22:58","modified_gmt":"2023-06-20T14:22:58","slug":"tercera-etapa","status":"publish","type":"post","link":"https:\/\/www.colegiomanuelbulnes.cl\/?p=8754","title":{"rendered":"PROYECTO ILUMINACI\u00d3N MULTICANCHA EXTERIOR COLEGIO MANUEL BULNES"},"content":{"rendered":"\n<p>La Direcci\u00f3n del Colegio Manuel Bulnes informa a toda la comunidad educativa y a la comunidad de Linares, el tremendo paso que ha dado en su compromiso de crear un entorno educativo atractivo y funcional para sus estudiantes al completar un emocionante proyecto de iluminaci\u00f3n LED en el patio exterior, permitiendo un ahorro significativo en el consumo el\u00e9ctrico que va en directo beneficio al cuidado del medio ambiente y del planeta. Este innovador proyecto tiene como objetivo mejorar la calidad y la seguridad de los espacios al aire libre, brindando a los alumnos un lugar acogedor y vibrante donde aprender y socializar.<\/p>\n\n\n\n<p>La instalaci\u00f3n de un moderno sistema de iluminaci\u00f3n en el patio exterior ha sido un logro significativo para la comunidad educativa, que es parte de nuestro plan de mejoramiento educativo (PME), financiado por la ley SEP. Este trabajo de iluminaci\u00f3n es parte de la tercera etapa que se viene desarrollando durante meses, con un equipo de expertos en iluminaci\u00f3n quienes trabajaron estrechamente con la administraci\u00f3n del colegio para dise\u00f1ar y ejecutar un plan que transformar\u00eda por completo el aspecto y la funcionalidad del \u00e1rea.<\/p>\n\n\n\n<p>La nueva iluminaci\u00f3n resalta los espacios clave del patio, como las zonas de juegos y los jardines, creando un ambiente agradable y seguro tanto durante el d\u00eda como por la noche. Los colores c\u00e1lidos y la intensidad ajustable de las luces ofrecen un ambiente acogedor y atractivo, lo que fomenta la interacci\u00f3n entre los estudiantes y brinda un entorno propicio para actividades extracurriculares y eventos escolares.<\/p>\n\n\n\n<p>Adem\u00e1s de la est\u00e9tica, la seguridad de los estudiantes fue una prioridad fundamental en el proyecto de iluminaci\u00f3n. Las nuevas luces est\u00e1n estrat\u00e9gicamente ubicadas para garantizar una iluminaci\u00f3n adecuada y uniforme, eliminando las \u00e1reas oscuras y proporcionando una sensaci\u00f3n de protecci\u00f3n a los estudiantes y al personal del colegio. Esta mejora en la seguridad permite a los estudiantes disfrutar plenamente de las instalaciones al aire libre, incluso despu\u00e9s del anochecer.<\/p>\n\n\n\n<p>El Colegio Manuel Bulnes se enorgullece de este proyecto de iluminaci\u00f3n, que refleja su compromiso de proporcionar un entorno educativo de calidad y gratuito para sus estudiantes y nuestra comunidad educativa. Esta iniciativa no solo mejora la apariencia y la funcionalidad del patio exterior, sino que tambi\u00e9n fortalece el sentido de pertenencia y orgullo de los estudiantes hacia su colegio.<\/p>\n\n\n\n<p>Con este impresionante proyecto de iluminaci\u00f3n, el Colegio Manuel Bulnes ha demostrado una vez m\u00e1s su dedicaci\u00f3n a la excelencia educativa y al bienestar de sus estudiantes. La transformaci\u00f3n del patio exterior es solo el comienzo de un futuro brillante para esta instituci\u00f3n, que contin\u00faa innovando y creando un entorno \u00f3ptimo para el crecimiento y el aprendizaje de sus alumnos\u00bb.<\/p>\n\n\n\n<p>Atentamente:<\/p>\n\n\n\n<p>Marta M\u00e9ndez Espinoza<\/p>\n\n\n\n<p>Directora.<\/p>\n\n\n\n<figure class=\"wp-block-gallery has-nested-images columns-default is-cropped wp-block-gallery-1 is-layout-flex wp-block-gallery-is-layout-flex\">\n<figure class=\"wp-block-image size-large\"><img loading=\"lazy\" decoding=\"async\" width=\"1024\" height=\"768\" data-id=\"8759\" src=\"https:\/\/www.colegiomanuelbulnes.cl\/wp-content\/uploads\/2023\/06\/WhatsApp-Image-2023-06-19-at-19.09.00-1024x768.jpeg\" alt=\"\" class=\"wp-image-8759\" srcset=\"https:\/\/www.colegiomanuelbulnes.cl\/wp-content\/uploads\/2023\/06\/WhatsApp-Image-2023-06-19-at-19.09.00-1024x768.jpeg 1024w, https:\/\/www.colegiomanuelbulnes.cl\/wp-content\/uploads\/2023\/06\/WhatsApp-Image-2023-06-19-at-19.09.00-300x225.jpeg 300w, https:\/\/www.colegiomanuelbulnes.cl\/wp-content\/uploads\/2023\/06\/WhatsApp-Image-2023-06-19-at-19.09.00-768x576.jpeg 768w, https:\/\/www.colegiomanuelbulnes.cl\/wp-content\/uploads\/2023\/06\/WhatsApp-Image-2023-06-19-at-19.09.00-782x587.jpeg 782w, https:\/\/www.colegiomanuelbulnes.cl\/wp-content\/uploads\/2023\/06\/WhatsApp-Image-2023-06-19-at-19.09.00.jpeg 1280w\" sizes=\"(max-width: 1024px) 100vw, 1024px\" \/><\/figure>\n\n\n\n<figure class=\"wp-block-image size-large\"><img loading=\"lazy\" decoding=\"async\" width=\"1024\" height=\"768\" data-id=\"8756\" src=\"https:\/\/www.colegiomanuelbulnes.cl\/wp-content\/uploads\/2023\/06\/WhatsApp-Image-2023-06-19-at-19.08.59-1024x768.jpeg\" alt=\"\" class=\"wp-image-8756\" srcset=\"https:\/\/www.colegiomanuelbulnes.cl\/wp-content\/uploads\/2023\/06\/WhatsApp-Image-2023-06-19-at-19.08.59-1024x768.jpeg 1024w, https:\/\/www.colegiomanuelbulnes.cl\/wp-content\/uploads\/2023\/06\/WhatsApp-Image-2023-06-19-at-19.08.59-300x225.jpeg 300w, https:\/\/www.colegiomanuelbulnes.cl\/wp-content\/uploads\/2023\/06\/WhatsApp-Image-2023-06-19-at-19.08.59-768x576.jpeg 768w, https:\/\/www.colegiomanuelbulnes.cl\/wp-content\/uploads\/2023\/06\/WhatsApp-Image-2023-06-19-at-19.08.59-782x587.jpeg 782w, https:\/\/www.colegiomanuelbulnes.cl\/wp-content\/uploads\/2023\/06\/WhatsApp-Image-2023-06-19-at-19.08.59.jpeg 1280w\" sizes=\"(max-width: 1024px) 100vw, 1024px\" \/><\/figure>\n\n\n\n<figure class=\"wp-block-image size-large\"><img loading=\"lazy\" decoding=\"async\" width=\"1024\" height=\"768\" data-id=\"8758\" src=\"https:\/\/www.colegiomanuelbulnes.cl\/wp-content\/uploads\/2023\/06\/WhatsApp-Image-2023-06-19-at-19.08.58-1024x768.jpeg\" alt=\"\" class=\"wp-image-8758\" srcset=\"https:\/\/www.colegiomanuelbulnes.cl\/wp-content\/uploads\/2023\/06\/WhatsApp-Image-2023-06-19-at-19.08.58-1024x768.jpeg 1024w, https:\/\/www.colegiomanuelbulnes.cl\/wp-content\/uploads\/2023\/06\/WhatsApp-Image-2023-06-19-at-19.08.58-300x225.jpeg 300w, https:\/\/www.colegiomanuelbulnes.cl\/wp-content\/uploads\/2023\/06\/WhatsApp-Image-2023-06-19-at-19.08.58-768x576.jpeg 768w, https:\/\/www.colegiomanuelbulnes.cl\/wp-content\/uploads\/2023\/06\/WhatsApp-Image-2023-06-19-at-19.08.58-782x587.jpeg 782w, https:\/\/www.colegiomanuelbulnes.cl\/wp-content\/uploads\/2023\/06\/WhatsApp-Image-2023-06-19-at-19.08.58.jpeg 1280w\" sizes=\"(max-width: 1024px) 100vw, 1024px\" \/><\/figure>\n\n\n\n<figure class=\"wp-block-image size-large\"><img loading=\"lazy\" decoding=\"async\" width=\"1024\" height=\"768\" data-id=\"8755\" src=\"https:\/\/www.colegiomanuelbulnes.cl\/wp-content\/uploads\/2023\/06\/WhatsApp-Image-2023-06-19-at-19.08.56-1024x768.jpeg\" alt=\"\" class=\"wp-image-8755\" srcset=\"https:\/\/www.colegiomanuelbulnes.cl\/wp-content\/uploads\/2023\/06\/WhatsApp-Image-2023-06-19-at-19.08.56-1024x768.jpeg 1024w, https:\/\/www.colegiomanuelbulnes.cl\/wp-content\/uploads\/2023\/06\/WhatsApp-Image-2023-06-19-at-19.08.56-300x225.jpeg 300w, https:\/\/www.colegiomanuelbulnes.cl\/wp-content\/uploads\/2023\/06\/WhatsApp-Image-2023-06-19-at-19.08.56-768x576.jpeg 768w, https:\/\/www.colegiomanuelbulnes.cl\/wp-content\/uploads\/2023\/06\/WhatsApp-Image-2023-06-19-at-19.08.56-782x587.jpeg 782w, https:\/\/www.colegiomanuelbulnes.cl\/wp-content\/uploads\/2023\/06\/WhatsApp-Image-2023-06-19-at-19.08.56.jpeg 1280w\" sizes=\"(max-width: 1024px) 100vw, 1024px\" \/><\/figure>\n\n\n\n<figure class=\"wp-block-image size-large\"><img loading=\"lazy\" decoding=\"async\" width=\"1024\" height=\"768\" data-id=\"8760\" src=\"https:\/\/www.colegiomanuelbulnes.cl\/wp-content\/uploads\/2023\/06\/WhatsApp-Image-2023-06-19-at-19.08.55-1024x768.jpeg\" alt=\"\" class=\"wp-image-8760\" srcset=\"https:\/\/www.colegiomanuelbulnes.cl\/wp-content\/uploads\/2023\/06\/WhatsApp-Image-2023-06-19-at-19.08.55-1024x768.jpeg 1024w, https:\/\/www.colegiomanuelbulnes.cl\/wp-content\/uploads\/2023\/06\/WhatsApp-Image-2023-06-19-at-19.08.55-300x225.jpeg 300w, https:\/\/www.colegiomanuelbulnes.cl\/wp-content\/uploads\/2023\/06\/WhatsApp-Image-2023-06-19-at-19.08.55-768x576.jpeg 768w, https:\/\/www.colegiomanuelbulnes.cl\/wp-content\/uploads\/2023\/06\/WhatsApp-Image-2023-06-19-at-19.08.55-782x587.jpeg 782w, https:\/\/www.colegiomanuelbulnes.cl\/wp-content\/uploads\/2023\/06\/WhatsApp-Image-2023-06-19-at-19.08.55.jpeg 1280w\" sizes=\"(max-width: 1024px) 100vw, 1024px\" \/><\/figure>\n\n\n\n<figure class=\"wp-block-image size-large\"><img loading=\"lazy\" decoding=\"async\" width=\"1024\" height=\"768\" data-id=\"8757\" src=\"https:\/\/www.colegiomanuelbulnes.cl\/wp-content\/uploads\/2023\/06\/WhatsApp-Image-2023-06-19-at-19.08.54-2-1024x768.jpeg\" alt=\"\" class=\"wp-image-8757\" srcset=\"https:\/\/www.colegiomanuelbulnes.cl\/wp-content\/uploads\/2023\/06\/WhatsApp-Image-2023-06-19-at-19.08.54-2-1024x768.jpeg 1024w, https:\/\/www.colegiomanuelbulnes.cl\/wp-content\/uploads\/2023\/06\/WhatsApp-Image-2023-06-19-at-19.08.54-2-300x225.jpeg 300w, https:\/\/www.colegiomanuelbulnes.cl\/wp-content\/uploads\/2023\/06\/WhatsApp-Image-2023-06-19-at-19.08.54-2-768x576.jpeg 768w, https:\/\/www.colegiomanuelbulnes.cl\/wp-content\/uploads\/2023\/06\/WhatsApp-Image-2023-06-19-at-19.08.54-2-782x587.jpeg 782w, https:\/\/www.colegiomanuelbulnes.cl\/wp-content\/uploads\/2023\/06\/WhatsApp-Image-2023-06-19-at-19.08.54-2.jpeg 1280w\" sizes=\"(max-width: 1024px) 100vw, 1024px\" \/><\/figure>\n\n\n\n<figure class=\"wp-block-image size-large\"><img loading=\"lazy\" decoding=\"async\" width=\"1024\" height=\"768\" data-id=\"8761\" src=\"https:\/\/www.colegiomanuelbulnes.cl\/wp-content\/uploads\/2023\/06\/WhatsApp-Image-2023-06-19-at-19.08.54-1-1024x768.jpeg\" alt=\"\" class=\"wp-image-8761\" srcset=\"https:\/\/www.colegiomanuelbulnes.cl\/wp-content\/uploads\/2023\/06\/WhatsApp-Image-2023-06-19-at-19.08.54-1-1024x768.jpeg 1024w, https:\/\/www.colegiomanuelbulnes.cl\/wp-content\/uploads\/2023\/06\/WhatsApp-Image-2023-06-19-at-19.08.54-1-300x225.jpeg 300w, https:\/\/www.colegiomanuelbulnes.cl\/wp-content\/uploads\/2023\/06\/WhatsApp-Image-2023-06-19-at-19.08.54-1-768x576.jpeg 768w, https:\/\/www.colegiomanuelbulnes.cl\/wp-content\/uploads\/2023\/06\/WhatsApp-Image-2023-06-19-at-19.08.54-1-782x587.jpeg 782w, https:\/\/www.colegiomanuelbulnes.cl\/wp-content\/uploads\/2023\/06\/WhatsApp-Image-2023-06-19-at-19.08.54-1.jpeg 1280w\" sizes=\"(max-width: 1024px) 100vw, 1024px\" \/><\/figure>\n\n\n\n<figure class=\"wp-block-image size-large\"><img loading=\"lazy\" decoding=\"async\" width=\"1024\" height=\"768\" data-id=\"8762\" src=\"https:\/\/www.colegiomanuelbulnes.cl\/wp-content\/uploads\/2023\/06\/WhatsApp-Image-2023-06-19-at-19.08.54-1024x768.jpeg\" alt=\"\" class=\"wp-image-8762\" srcset=\"https:\/\/www.colegiomanuelbulnes.cl\/wp-content\/uploads\/2023\/06\/WhatsApp-Image-2023-06-19-at-19.08.54-1024x768.jpeg 1024w, https:\/\/www.colegiomanuelbulnes.cl\/wp-content\/uploads\/2023\/06\/WhatsApp-Image-2023-06-19-at-19.08.54-300x225.jpeg 300w, https:\/\/www.colegiomanuelbulnes.cl\/wp-content\/uploads\/2023\/06\/WhatsApp-Image-2023-06-19-at-19.08.54-768x576.jpeg 768w, https:\/\/www.colegiomanuelbulnes.cl\/wp-content\/uploads\/2023\/06\/WhatsApp-Image-2023-06-19-at-19.08.54-782x587.jpeg 782w, https:\/\/www.colegiomanuelbulnes.cl\/wp-content\/uploads\/2023\/06\/WhatsApp-Image-2023-06-19-at-19.08.54.jpeg 1280w\" sizes=\"(max-width: 1024px) 100vw, 1024px\" \/><\/figure>\n<\/figure>\n","protected":false},"excerpt":{"rendered":"<p>La Direcci\u00f3n del Colegio Manuel Bulnes informa a toda la comunidad educativa y a la comunidad de Linares, el tremendo paso que ha dado en su compromiso de crear un entorno educativo atractivo y funcional para sus estudiantes al completar un emocionante proyecto de iluminaci\u00f3n LED en el patio exterior, permitiendo un ahorro significativo en [&hellip;]<\/p>\n","protected":false},"author":1,"featured_media":8759,"comment_status":"closed","ping_status":"open","sticky":false,"template":"","format":"standard","meta":{"footnotes":""},"categories":[3],"tags":[],"_links":{"self":[{"href":"https:\/\/www.colegiomanuelbulnes.cl\/index.php?rest_route=\/wp\/v2\/posts\/8754"}],"collection":[{"href":"https:\/\/www.colegiomanuelbulnes.cl\/index.php?rest_route=\/wp\/v2\/posts"}],"about":[{"href":"https:\/\/www.colegiomanuelbulnes.cl\/index.php?rest_route=\/wp\/v2\/types\/post"}],"author":[{"embeddable":true,"href":"https:\/\/www.colegiomanuelbulnes.cl\/index.php?rest_route=\/wp\/v2\/users\/1"}],"replies":[{"embeddable":true,"href":"https:\/\/www.colegiomanuelbulnes.cl\/index.php?rest_route=%2Fwp%2Fv2%2Fcomments&post=8754"}],"version-history":[{"count":3,"href":"https:\/\/www.colegiomanuelbulnes.cl\/index.php?rest_route=\/wp\/v2\/posts\/8754\/revisions"}],"predecessor-version":[{"id":8765,"href":"https:\/\/www.colegiomanuelbulnes.cl\/index.php?rest_route=\/wp\/v2\/posts\/8754\/revisions\/8765"}],"wp:featuredmedia":[{"embeddable":true,"href":"https:\/\/www.colegiomanuelbulnes.cl\/index.php?rest_route=\/wp\/v2\/media\/8759"}],"wp:attachment":[{"href":"https:\/\/www.colegiomanuelbulnes.cl\/index.php?rest_route=%2Fwp%2Fv2%2Fmedia&parent=8754"}],"wp:term":[{"taxonomy":"category","embeddable":true,"href":"https:\/\/www.colegiomanuelbulnes.cl\/index.php?rest_route=%2Fwp%2Fv2%2Fcategories&post=8754"},{"taxonomy":"post_tag","embeddable":true,"href":"https:\/\/www.colegiomanuelbulnes.cl\/index.php?rest_route=%2Fwp%2Fv2%2Ftags&post=8754"}],"curies":[{"name":"wp","href":"https:\/\/api.w.org\/{rel}","templated":true}]}}