{"id":8767,"date":"2023-07-21T16:21:43","date_gmt":"2023-07-21T20:21:43","guid":{"rendered":"http:\/\/www.colegiomanuelbulnes.cl\/?p=8767"},"modified":"2023-07-21T16:21:43","modified_gmt":"2023-07-21T20:21:43","slug":"reunion-de-apoderados-julio","status":"publish","type":"post","link":"https:\/\/www.colegiomanuelbulnes.cl\/?p=8767","title":{"rendered":"Reuni\u00f3n de apoderados julio"},"content":{"rendered":"\n<p>Estimada comunidad educativa, compartimos con ustedes las fechas y horas de las reuniones de padres y apoderados(as) de Educaci\u00f3n Parvularia y Educaci\u00f3n B\u00e1sica, correspondientes al mes de julio, las cuales, se realizar\u00e1n de manera PRESENCIAL.<\/p>\n\n\n\n<p>Aprovechamos la instancia para informar que los alumnos de educaci\u00f3n b\u00e1sica jornada de la tarde, saldr\u00e1n a las 18:30 el d\u00eda lunes 24, martes 25 y mi\u00e9rcoles 26.<\/p>\n\n\n\n<p><a><\/a>Atentamente La Direcci\u00f3n.<\/p>\n\n\n\n<figure class=\"wp-block-image size-full\"><img loading=\"lazy\" decoding=\"async\" width=\"960\" height=\"540\" src=\"https:\/\/www.colegiomanuelbulnes.cl\/wp-content\/uploads\/2023\/07\/reunion-de-apoderados-julio.png\" alt=\"\" class=\"wp-image-8768\" srcset=\"https:\/\/www.colegiomanuelbulnes.cl\/wp-content\/uploads\/2023\/07\/reunion-de-apoderados-julio.png 960w, https:\/\/www.colegiomanuelbulnes.cl\/wp-content\/uploads\/2023\/07\/reunion-de-apoderados-julio-300x169.png 300w, https:\/\/www.colegiomanuelbulnes.cl\/wp-content\/uploads\/2023\/07\/reunion-de-apoderados-julio-768x432.png 768w, https:\/\/www.colegiomanuelbulnes.cl\/wp-content\/uploads\/2023\/07\/reunion-de-apoderados-julio-782x440.png 782w\" sizes=\"(max-width: 960px) 100vw, 960px\" \/><\/figure>\n","protected":false},"excerpt":{"rendered":"<p>Estimada comunidad educativa, compartimos con ustedes las fechas y horas de las reuniones de padres y apoderados(as) de Educaci\u00f3n Parvularia y Educaci\u00f3n B\u00e1sica, correspondientes al mes de julio, las cuales, se realizar\u00e1n de manera PRESENCIAL. Aprovechamos la instancia para informar que los alumnos de educaci\u00f3n b\u00e1sica jornada de la tarde, saldr\u00e1n a las 18:30 el [&hellip;]<\/p>\n","protected":false},"author":1,"featured_media":8768,"comment_status":"closed","ping_status":"open","sticky":false,"template":"","format":"standard","meta":{"footnotes":""},"categories":[3],"tags":[],"_links":{"self":[{"href":"https:\/\/www.colegiomanuelbulnes.cl\/index.php?rest_route=\/wp\/v2\/posts\/8767"}],"collection":[{"href":"https:\/\/www.colegiomanuelbulnes.cl\/index.php?rest_route=\/wp\/v2\/posts"}],"about":[{"href":"https:\/\/www.colegiomanuelbulnes.cl\/index.php?rest_route=\/wp\/v2\/types\/post"}],"author":[{"embeddable":true,"href":"https:\/\/www.colegiomanuelbulnes.cl\/index.php?rest_route=\/wp\/v2\/users\/1"}],"replies":[{"embeddable":true,"href":"https:\/\/www.colegiomanuelbulnes.cl\/index.php?rest_route=%2Fwp%2Fv2%2Fcomments&post=8767"}],"version-history":[{"count":1,"href":"https:\/\/www.colegiomanuelbulnes.cl\/index.php?rest_route=\/wp\/v2\/posts\/8767\/revisions"}],"predecessor-version":[{"id":8769,"href":"https:\/\/www.colegiomanuelbulnes.cl\/index.php?rest_route=\/wp\/v2\/posts\/8767\/revisions\/8769"}],"wp:featuredmedia":[{"embeddable":true,"href":"https:\/\/www.colegiomanuelbulnes.cl\/index.php?rest_route=\/wp\/v2\/media\/8768"}],"wp:attachment":[{"href":"https:\/\/www.colegiomanuelbulnes.cl\/index.php?rest_route=%2Fwp%2Fv2%2Fmedia&parent=8767"}],"wp:term":[{"taxonomy":"category","embeddable":true,"href":"https:\/\/www.colegiomanuelbulnes.cl\/index.php?rest_route=%2Fwp%2Fv2%2Fcategories&post=8767"},{"taxonomy":"post_tag","embeddable":true,"href":"https:\/\/www.colegiomanuelbulnes.cl\/index.php?rest_route=%2Fwp%2Fv2%2Ftags&post=8767"}],"curies":[{"name":"wp","href":"https:\/\/api.w.org\/{rel}","templated":true}]}}