{"id":8779,"date":"2023-08-08T10:12:36","date_gmt":"2023-08-08T14:12:36","guid":{"rendered":"http:\/\/www.colegiomanuelbulnes.cl\/?p=8779"},"modified":"2023-08-08T10:12:36","modified_gmt":"2023-08-08T14:12:36","slug":"%ef%bf%bc-una-jornada-magica-de-pijamas-y-diversion-en-nuestra-educacion-parvularia-%ef%bf%bc","status":"publish","type":"post","link":"https:\/\/www.colegiomanuelbulnes.cl\/?p=8779","title":{"rendered":"\ufffc \u00a1Una jornada m\u00e1gica de pijamas y diversi\u00f3n en nuestra educaci\u00f3n parvularia! \ufffc"},"content":{"rendered":"\n<p><img loading=\"lazy\" decoding=\"async\" height=\"16\" width=\"16\" alt=\"\ud83c\udf89\" src=\"https:\/\/static.xx.fbcdn.net\/images\/emoji.php\/v9\/t8c\/1\/16\/1f389.png\"> En el marco de la celebraci\u00f3n del D\u00eda del Ni\u00f1o y la Ni\u00f1a, organizamos una incre\u00edble pijamada llena de risas, juegos y sue\u00f1os compartidos. Fue una experiencia inolvidable para nuestros peque\u00f1os estudiantes, quienes disfrutaron de una jornada \u00fanica junto a sus amiguitos, asistentes y educadoras.<\/p>\n\n\n\n<p><img loading=\"lazy\" decoding=\"async\" height=\"16\" width=\"16\" alt=\"\ud83c\udf1f\" src=\"https:\/\/static.xx.fbcdn.net\/images\/emoji.php\/v9\/te0\/1\/16\/1f31f.png\"> La jornada comenz\u00f3 con una emocionante hora del cuento, donde nuestros cuentacuentos les llevaron a <a><\/a>un mundo de fantas\u00eda y aventuras. Los ojitos brillantes y las sonrisas en sus caritas nos recordaron por qu\u00e9 amamos tanto nuestro trabajo: ver la magia de la infancia en acci\u00f3n.<\/p>\n\n\n\n<p><img loading=\"lazy\" decoding=\"async\" height=\"16\" width=\"16\" alt=\"\ud83c\udfb6\" src=\"https:\/\/static.xx.fbcdn.net\/images\/emoji.php\/v9\/t1f\/1\/16\/1f3b6.png\"> Despu\u00e9s, tuvimos una entretenida sesi\u00f3n de baile y karaoke, donde los ni\u00f1os y ni\u00f1as demostraron sus dotes art\u00edsticos y nos contagiaron con su energ\u00eda contagiosa. Los m\u00e1s t\u00edmidos tambi\u00e9n se animaron a participar y descubrieron lo divertido que es expresarse a trav\u00e9s de la m\u00fasica.<\/p>\n\n\n\n<p>Agradecemos a todas las familias por la participaci\u00f3n y colaboraci\u00f3n en la educaci\u00f3n de sus tesoros. En nuestra educaci\u00f3n parvularia, seguimos comprometidos con promover el amor, el respeto y la alegr\u00eda en cada uno de nuestros peque\u00f1os.<\/p>\n\n\n\n<p>\u00a1Feliz D\u00eda del Ni\u00f1o y la Ni\u00f1a! <img loading=\"lazy\" decoding=\"async\" height=\"16\" width=\"16\" alt=\"\ud83c\udf88\" src=\"https:\/\/static.xx.fbcdn.net\/images\/emoji.php\/v9\/tb\/1\/16\/1f388.png\"><\/p>\n\n\n\n<figure class=\"wp-block-gallery has-nested-images columns-default is-cropped wp-block-gallery-1 is-layout-flex wp-block-gallery-is-layout-flex\">\n<figure class=\"wp-block-image size-large\"><img loading=\"lazy\" decoding=\"async\" width=\"1024\" height=\"461\" data-id=\"8783\" src=\"https:\/\/www.colegiomanuelbulnes.cl\/wp-content\/uploads\/2023\/08\/IMG_20230804_100031-1024x461.jpg\" alt=\"\" class=\"wp-image-8783\" srcset=\"https:\/\/www.colegiomanuelbulnes.cl\/wp-content\/uploads\/2023\/08\/IMG_20230804_100031-1024x461.jpg 1024w, https:\/\/www.colegiomanuelbulnes.cl\/wp-content\/uploads\/2023\/08\/IMG_20230804_100031-300x135.jpg 300w, https:\/\/www.colegiomanuelbulnes.cl\/wp-content\/uploads\/2023\/08\/IMG_20230804_100031-768x345.jpg 768w, https:\/\/www.colegiomanuelbulnes.cl\/wp-content\/uploads\/2023\/08\/IMG_20230804_100031-1536x691.jpg 1536w, https:\/\/www.colegiomanuelbulnes.cl\/wp-content\/uploads\/2023\/08\/IMG_20230804_100031-2048x921.jpg 2048w, https:\/\/www.colegiomanuelbulnes.cl\/wp-content\/uploads\/2023\/08\/IMG_20230804_100031-782x352.jpg 782w\" sizes=\"(max-width: 1024px) 100vw, 1024px\" \/><\/figure>\n\n\n\n<figure class=\"wp-block-image size-large\"><img loading=\"lazy\" decoding=\"async\" width=\"1024\" height=\"461\" data-id=\"8784\" src=\"https:\/\/www.colegiomanuelbulnes.cl\/wp-content\/uploads\/2023\/08\/IMG_20230804_100405-1-1024x461.jpg\" alt=\"\" class=\"wp-image-8784\" srcset=\"https:\/\/www.colegiomanuelbulnes.cl\/wp-content\/uploads\/2023\/08\/IMG_20230804_100405-1-1024x461.jpg 1024w, https:\/\/www.colegiomanuelbulnes.cl\/wp-content\/uploads\/2023\/08\/IMG_20230804_100405-1-300x135.jpg 300w, https:\/\/www.colegiomanuelbulnes.cl\/wp-content\/uploads\/2023\/08\/IMG_20230804_100405-1-768x345.jpg 768w, https:\/\/www.colegiomanuelbulnes.cl\/wp-content\/uploads\/2023\/08\/IMG_20230804_100405-1-1536x691.jpg 1536w, https:\/\/www.colegiomanuelbulnes.cl\/wp-content\/uploads\/2023\/08\/IMG_20230804_100405-1-2048x921.jpg 2048w, https:\/\/www.colegiomanuelbulnes.cl\/wp-content\/uploads\/2023\/08\/IMG_20230804_100405-1-782x352.jpg 782w\" sizes=\"(max-width: 1024px) 100vw, 1024px\" \/><\/figure>\n\n\n\n<figure class=\"wp-block-image size-large\"><img loading=\"lazy\" decoding=\"async\" width=\"1024\" height=\"461\" data-id=\"8782\" src=\"https:\/\/www.colegiomanuelbulnes.cl\/wp-content\/uploads\/2023\/08\/IMG_20230804_100405-1024x461.jpg\" alt=\"\" class=\"wp-image-8782\" srcset=\"https:\/\/www.colegiomanuelbulnes.cl\/wp-content\/uploads\/2023\/08\/IMG_20230804_100405-1024x461.jpg 1024w, https:\/\/www.colegiomanuelbulnes.cl\/wp-content\/uploads\/2023\/08\/IMG_20230804_100405-300x135.jpg 300w, https:\/\/www.colegiomanuelbulnes.cl\/wp-content\/uploads\/2023\/08\/IMG_20230804_100405-768x345.jpg 768w, https:\/\/www.colegiomanuelbulnes.cl\/wp-content\/uploads\/2023\/08\/IMG_20230804_100405-1536x691.jpg 1536w, https:\/\/www.colegiomanuelbulnes.cl\/wp-content\/uploads\/2023\/08\/IMG_20230804_100405-2048x921.jpg 2048w, https:\/\/www.colegiomanuelbulnes.cl\/wp-content\/uploads\/2023\/08\/IMG_20230804_100405-782x352.jpg 782w\" sizes=\"(max-width: 1024px) 100vw, 1024px\" \/><\/figure>\n\n\n\n<figure class=\"wp-block-image size-large\"><img loading=\"lazy\" decoding=\"async\" width=\"1024\" height=\"461\" data-id=\"8785\" src=\"https:\/\/www.colegiomanuelbulnes.cl\/wp-content\/uploads\/2023\/08\/IMG_20230804_100034-1024x461.jpg\" alt=\"\" class=\"wp-image-8785\" srcset=\"https:\/\/www.colegiomanuelbulnes.cl\/wp-content\/uploads\/2023\/08\/IMG_20230804_100034-1024x461.jpg 1024w, https:\/\/www.colegiomanuelbulnes.cl\/wp-content\/uploads\/2023\/08\/IMG_20230804_100034-300x135.jpg 300w, https:\/\/www.colegiomanuelbulnes.cl\/wp-content\/uploads\/2023\/08\/IMG_20230804_100034-768x346.jpg 768w, https:\/\/www.colegiomanuelbulnes.cl\/wp-content\/uploads\/2023\/08\/IMG_20230804_100034-1536x691.jpg 1536w, https:\/\/www.colegiomanuelbulnes.cl\/wp-content\/uploads\/2023\/08\/IMG_20230804_100034-2048x922.jpg 2048w, https:\/\/www.colegiomanuelbulnes.cl\/wp-content\/uploads\/2023\/08\/IMG_20230804_100034-782x352.jpg 782w\" sizes=\"(max-width: 1024px) 100vw, 1024px\" \/><\/figure>\n\n\n\n<figure class=\"wp-block-image size-large\"><img loading=\"lazy\" decoding=\"async\" width=\"1024\" height=\"768\" data-id=\"8780\" src=\"https:\/\/www.colegiomanuelbulnes.cl\/wp-content\/uploads\/2023\/08\/WhatsApp-Image-2023-08-04-at-14.32.07-1.jpeg\" alt=\"\" class=\"wp-image-8780\" srcset=\"https:\/\/www.colegiomanuelbulnes.cl\/wp-content\/uploads\/2023\/08\/WhatsApp-Image-2023-08-04-at-14.32.07-1.jpeg 1024w, https:\/\/www.colegiomanuelbulnes.cl\/wp-content\/uploads\/2023\/08\/WhatsApp-Image-2023-08-04-at-14.32.07-1-300x225.jpeg 300w, https:\/\/www.colegiomanuelbulnes.cl\/wp-content\/uploads\/2023\/08\/WhatsApp-Image-2023-08-04-at-14.32.07-1-768x576.jpeg 768w, https:\/\/www.colegiomanuelbulnes.cl\/wp-content\/uploads\/2023\/08\/WhatsApp-Image-2023-08-04-at-14.32.07-1-782x587.jpeg 782w\" sizes=\"(max-width: 1024px) 100vw, 1024px\" \/><\/figure>\n\n\n\n<figure class=\"wp-block-image size-large\"><img loading=\"lazy\" decoding=\"async\" width=\"1024\" height=\"768\" data-id=\"8781\" src=\"https:\/\/www.colegiomanuelbulnes.cl\/wp-content\/uploads\/2023\/08\/WhatsApp-Image-2023-08-04-at-14.32.07.jpeg\" alt=\"\" class=\"wp-image-8781\" srcset=\"https:\/\/www.colegiomanuelbulnes.cl\/wp-content\/uploads\/2023\/08\/WhatsApp-Image-2023-08-04-at-14.32.07.jpeg 1024w, https:\/\/www.colegiomanuelbulnes.cl\/wp-content\/uploads\/2023\/08\/WhatsApp-Image-2023-08-04-at-14.32.07-300x225.jpeg 300w, https:\/\/www.colegiomanuelbulnes.cl\/wp-content\/uploads\/2023\/08\/WhatsApp-Image-2023-08-04-at-14.32.07-768x576.jpeg 768w, https:\/\/www.colegiomanuelbulnes.cl\/wp-content\/uploads\/2023\/08\/WhatsApp-Image-2023-08-04-at-14.32.07-782x587.jpeg 782w\" sizes=\"(max-width: 1024px) 100vw, 1024px\" \/><\/figure>\n<\/figure>\n","protected":false},"excerpt":{"rendered":"<p>En el marco de la celebraci\u00f3n del D\u00eda del Ni\u00f1o y la Ni\u00f1a, organizamos una incre\u00edble pijamada llena de risas, juegos y sue\u00f1os compartidos. Fue una experiencia inolvidable para nuestros peque\u00f1os estudiantes, quienes disfrutaron de una jornada \u00fanica junto a sus amiguitos, asistentes y educadoras. La jornada comenz\u00f3 con una emocionante hora del cuento, donde [&hellip;]<\/p>\n","protected":false},"author":1,"featured_media":8780,"comment_status":"closed","ping_status":"open","sticky":false,"template":"","format":"standard","meta":{"footnotes":""},"categories":[3],"tags":[],"_links":{"self":[{"href":"https:\/\/www.colegiomanuelbulnes.cl\/index.php?rest_route=\/wp\/v2\/posts\/8779"}],"collection":[{"href":"https:\/\/www.colegiomanuelbulnes.cl\/index.php?rest_route=\/wp\/v2\/posts"}],"about":[{"href":"https:\/\/www.colegiomanuelbulnes.cl\/index.php?rest_route=\/wp\/v2\/types\/post"}],"author":[{"embeddable":true,"href":"https:\/\/www.colegiomanuelbulnes.cl\/index.php?rest_route=\/wp\/v2\/users\/1"}],"replies":[{"embeddable":true,"href":"https:\/\/www.colegiomanuelbulnes.cl\/index.php?rest_route=%2Fwp%2Fv2%2Fcomments&post=8779"}],"version-history":[{"count":1,"href":"https:\/\/www.colegiomanuelbulnes.cl\/index.php?rest_route=\/wp\/v2\/posts\/8779\/revisions"}],"predecessor-version":[{"id":8786,"href":"https:\/\/www.colegiomanuelbulnes.cl\/index.php?rest_route=\/wp\/v2\/posts\/8779\/revisions\/8786"}],"wp:featuredmedia":[{"embeddable":true,"href":"https:\/\/www.colegiomanuelbulnes.cl\/index.php?rest_route=\/wp\/v2\/media\/8780"}],"wp:attachment":[{"href":"https:\/\/www.colegiomanuelbulnes.cl\/index.php?rest_route=%2Fwp%2Fv2%2Fmedia&parent=8779"}],"wp:term":[{"taxonomy":"category","embeddable":true,"href":"https:\/\/www.colegiomanuelbulnes.cl\/index.php?rest_route=%2Fwp%2Fv2%2Fcategories&post=8779"},{"taxonomy":"post_tag","embeddable":true,"href":"https:\/\/www.colegiomanuelbulnes.cl\/index.php?rest_route=%2Fwp%2Fv2%2Ftags&post=8779"}],"curies":[{"name":"wp","href":"https:\/\/api.w.org\/{rel}","templated":true}]}}