{"id":8837,"date":"2023-08-18T16:06:38","date_gmt":"2023-08-18T20:06:38","guid":{"rendered":"http:\/\/www.colegiomanuelbulnes.cl\/?p=8837"},"modified":"2023-08-18T16:06:38","modified_gmt":"2023-08-18T20:06:38","slug":"cambio-de-actividades-dia-lunes-21-de-agosto","status":"publish","type":"post","link":"https:\/\/www.colegiomanuelbulnes.cl\/?p=8837","title":{"rendered":"Cambio de Actividades d\u00eda Lunes 21 de agosto."},"content":{"rendered":"\n<p>Estimados Estudiantes, Padres y Apoderados,<\/p>\n\n\n\n<p>Esperando que al momento de recibir esta informaci\u00f3n se encuentren muy bien, les informamos que el pr\u00f3ximo lunes 21 de agosto de 2023, se realizar\u00e1 una Jornada de Trabajo en el Contexto del Congreso Pedag\u00f3gico y Curricular para Equipos Educativos de los Establecimientos Educacionales, instancia en la que participar\u00e1n todos los funcionarios de nuestro establecimiento y que se encuentra <a><\/a>planificada por el Ministerio de Educaci\u00f3n, en Resoluci\u00f3n Exenta N\u00b0 1101 del 04 de agosto de 2023, para todos los establecimientos educacionales de la Regi\u00f3n del Maule. Es por este motivo, que el d\u00eda lunes 21 de agosto HABR\u00c1 SUSPENSI\u00d3N DE CLASES, y debido a la realizaci\u00f3n de la jornada, el establecimiento se encontrar\u00e1 cerrado, reanudando sus actividades de forma normal el d\u00eda martes 22 de agosto.<\/p>\n\n\n\n<p>Sin otro particular, se despide atentamente,<\/p>\n\n\n\n<p>La Direcci\u00f3n.<\/p>\n","protected":false},"excerpt":{"rendered":"<p>Estimados Estudiantes, Padres y Apoderados, Esperando que al momento de recibir esta informaci\u00f3n se encuentren muy bien, les informamos que el pr\u00f3ximo lunes 21 de agosto de 2023, se realizar\u00e1 una Jornada de Trabajo en el Contexto del Congreso Pedag\u00f3gico y Curricular para Equipos Educativos de los Establecimientos Educacionales, instancia en la que participar\u00e1n todos [&hellip;]<\/p>\n","protected":false},"author":1,"featured_media":8838,"comment_status":"closed","ping_status":"open","sticky":false,"template":"","format":"standard","meta":{"footnotes":""},"categories":[3],"tags":[],"_links":{"self":[{"href":"https:\/\/www.colegiomanuelbulnes.cl\/index.php?rest_route=\/wp\/v2\/posts\/8837"}],"collection":[{"href":"https:\/\/www.colegiomanuelbulnes.cl\/index.php?rest_route=\/wp\/v2\/posts"}],"about":[{"href":"https:\/\/www.colegiomanuelbulnes.cl\/index.php?rest_route=\/wp\/v2\/types\/post"}],"author":[{"embeddable":true,"href":"https:\/\/www.colegiomanuelbulnes.cl\/index.php?rest_route=\/wp\/v2\/users\/1"}],"replies":[{"embeddable":true,"href":"https:\/\/www.colegiomanuelbulnes.cl\/index.php?rest_route=%2Fwp%2Fv2%2Fcomments&post=8837"}],"version-history":[{"count":1,"href":"https:\/\/www.colegiomanuelbulnes.cl\/index.php?rest_route=\/wp\/v2\/posts\/8837\/revisions"}],"predecessor-version":[{"id":8839,"href":"https:\/\/www.colegiomanuelbulnes.cl\/index.php?rest_route=\/wp\/v2\/posts\/8837\/revisions\/8839"}],"wp:featuredmedia":[{"embeddable":true,"href":"https:\/\/www.colegiomanuelbulnes.cl\/index.php?rest_route=\/wp\/v2\/media\/8838"}],"wp:attachment":[{"href":"https:\/\/www.colegiomanuelbulnes.cl\/index.php?rest_route=%2Fwp%2Fv2%2Fmedia&parent=8837"}],"wp:term":[{"taxonomy":"category","embeddable":true,"href":"https:\/\/www.colegiomanuelbulnes.cl\/index.php?rest_route=%2Fwp%2Fv2%2Fcategories&post=8837"},{"taxonomy":"post_tag","embeddable":true,"href":"https:\/\/www.colegiomanuelbulnes.cl\/index.php?rest_route=%2Fwp%2Fv2%2Ftags&post=8837"}],"curies":[{"name":"wp","href":"https:\/\/api.w.org\/{rel}","templated":true}]}}