{"id":8845,"date":"2023-08-25T16:44:53","date_gmt":"2023-08-25T20:44:53","guid":{"rendered":"http:\/\/www.colegiomanuelbulnes.cl\/?p=8845"},"modified":"2023-08-25T16:44:53","modified_gmt":"2023-08-25T20:44:53","slug":"reuniones-de-apoderados-agosto","status":"publish","type":"post","link":"https:\/\/www.colegiomanuelbulnes.cl\/?p=8845","title":{"rendered":"Reuniones de apoderados Agosto"},"content":{"rendered":"\n<p>Estimados padres,&nbsp;apoderados&nbsp;y estudiantes:<\/p>\n\n\n\n<p>Junto con saludarles y esperando que se encuentren bien, les informamos que durante los d\u00edas 28, 29, y 30 de agosto tendremos las reuniones de apoderados en nuestro establecimiento, correspondientes al presente mes, quedando calendarizadas de la&nbsp;siguiente manera:<\/p>\n\n\n\n<p>&#8211; Reuni\u00f3n Educaci\u00f3n Parvularia: Lunes 28 de agosto a las 19:00 horas.<\/p>\n\n\n\n<p>&#8211;&nbsp;Reuni\u00f3n&nbsp;1\u00b0 ciclo Ense\u00f1anza B\u00e1sica (1\u00b0 a 4\u00b0 b\u00e1sico): Martes 29 de agosto a las 19:00 horas.<\/p>\n\n\n\n<p>&#8211;&nbsp;Reuni\u00f3n&nbsp;2\u00b0 ciclo Ense\u00f1anza B\u00e1sica (5\u00b0 a 8\u00b0 b\u00e1sico, excepto 6\u00b0A): Mi\u00e9rcoles 30 de agosto a las 19:00 horas.<\/p>\n\n\n\n<p>&#8211; Reuni\u00f3n 6\u00b0A: Lunes 04 de septiembre a las 19:00 horas (esta fecha es debido a que el profesor jefe se encuentra con licencia m\u00e9dica y realizar\u00e1&nbsp;la reuni\u00f3n cuando se reincorpore al establecimiento)<\/p>\n\n\n\n<p>Adem\u00e1s comunicamos que los d\u00edas&nbsp;<strong>28, 29, y 30 de agosto<\/strong>, la Direcci\u00f3n del establecimiento, y de forma excepcional, ha determinado que los estudiantes de la&nbsp;<strong>Jornada de la tarde<\/strong>&nbsp;se retiren a las&nbsp;<strong>18:30 hrs.<\/strong>, por las salidas que les correspondan, a fin de poder as\u00ed llevar a cabo las reuniones de forma ordenada. Rogamos ser puntuales en el retiro de los estudiantes y en la hora de llegada a las reuniones.<\/p>\n\n\n\n<p>Sin otro particular, y esperando contar con su asistencia, se despide atentamente,&#8211;<\/p>\n\n\n\n<p><strong>Equipo de Inspector\u00eda<\/strong> Colegio Manuel Bulnes Linares<\/p>\n\n\n\n<figure class=\"wp-block-gallery has-nested-images columns-default is-cropped wp-block-gallery-1 is-layout-flex wp-block-gallery-is-layout-flex\">\n<figure class=\"wp-block-image size-large\"><img loading=\"lazy\" decoding=\"async\" width=\"960\" height=\"720\" data-id=\"8846\" src=\"https:\/\/www.colegiomanuelbulnes.cl\/wp-content\/uploads\/2023\/08\/ED-PARVULARIA.png\" alt=\"\" class=\"wp-image-8846\" srcset=\"https:\/\/www.colegiomanuelbulnes.cl\/wp-content\/uploads\/2023\/08\/ED-PARVULARIA.png 960w, https:\/\/www.colegiomanuelbulnes.cl\/wp-content\/uploads\/2023\/08\/ED-PARVULARIA-300x225.png 300w, https:\/\/www.colegiomanuelbulnes.cl\/wp-content\/uploads\/2023\/08\/ED-PARVULARIA-768x576.png 768w, https:\/\/www.colegiomanuelbulnes.cl\/wp-content\/uploads\/2023\/08\/ED-PARVULARIA-782x587.png 782w\" sizes=\"(max-width: 960px) 100vw, 960px\" \/><\/figure>\n\n\n\n<figure class=\"wp-block-image size-large\"><img loading=\"lazy\" decoding=\"async\" width=\"960\" height=\"720\" data-id=\"8847\" src=\"https:\/\/www.colegiomanuelbulnes.cl\/wp-content\/uploads\/2023\/08\/PRIMER-CICLO.png\" alt=\"\" class=\"wp-image-8847\" srcset=\"https:\/\/www.colegiomanuelbulnes.cl\/wp-content\/uploads\/2023\/08\/PRIMER-CICLO.png 960w, https:\/\/www.colegiomanuelbulnes.cl\/wp-content\/uploads\/2023\/08\/PRIMER-CICLO-300x225.png 300w, https:\/\/www.colegiomanuelbulnes.cl\/wp-content\/uploads\/2023\/08\/PRIMER-CICLO-768x576.png 768w, https:\/\/www.colegiomanuelbulnes.cl\/wp-content\/uploads\/2023\/08\/PRIMER-CICLO-782x587.png 782w\" sizes=\"(max-width: 960px) 100vw, 960px\" \/><\/figure>\n\n\n\n<figure class=\"wp-block-image size-large\"><img loading=\"lazy\" decoding=\"async\" width=\"960\" height=\"720\" data-id=\"8848\" src=\"https:\/\/www.colegiomanuelbulnes.cl\/wp-content\/uploads\/2023\/08\/SEGUNDO-CICLO.png\" alt=\"\" class=\"wp-image-8848\" srcset=\"https:\/\/www.colegiomanuelbulnes.cl\/wp-content\/uploads\/2023\/08\/SEGUNDO-CICLO.png 960w, https:\/\/www.colegiomanuelbulnes.cl\/wp-content\/uploads\/2023\/08\/SEGUNDO-CICLO-300x225.png 300w, https:\/\/www.colegiomanuelbulnes.cl\/wp-content\/uploads\/2023\/08\/SEGUNDO-CICLO-768x576.png 768w, https:\/\/www.colegiomanuelbulnes.cl\/wp-content\/uploads\/2023\/08\/SEGUNDO-CICLO-782x587.png 782w\" sizes=\"(max-width: 960px) 100vw, 960px\" \/><\/figure>\n<\/figure>\n","protected":false},"excerpt":{"rendered":"<p>Estimados padres,&nbsp;apoderados&nbsp;y estudiantes: Junto con saludarles y esperando que se encuentren bien, les informamos que durante los d\u00edas 28, 29, y 30 de agosto tendremos las reuniones de apoderados en nuestro establecimiento, correspondientes al presente mes, quedando calendarizadas de la&nbsp;siguiente manera: &#8211; Reuni\u00f3n Educaci\u00f3n Parvularia: Lunes 28 de agosto a las 19:00 horas. &#8211;&nbsp;Reuni\u00f3n&nbsp;1\u00b0 ciclo [&hellip;]<\/p>\n","protected":false},"author":1,"featured_media":8846,"comment_status":"closed","ping_status":"open","sticky":false,"template":"","format":"standard","meta":{"footnotes":""},"categories":[3],"tags":[],"_links":{"self":[{"href":"https:\/\/www.colegiomanuelbulnes.cl\/index.php?rest_route=\/wp\/v2\/posts\/8845"}],"collection":[{"href":"https:\/\/www.colegiomanuelbulnes.cl\/index.php?rest_route=\/wp\/v2\/posts"}],"about":[{"href":"https:\/\/www.colegiomanuelbulnes.cl\/index.php?rest_route=\/wp\/v2\/types\/post"}],"author":[{"embeddable":true,"href":"https:\/\/www.colegiomanuelbulnes.cl\/index.php?rest_route=\/wp\/v2\/users\/1"}],"replies":[{"embeddable":true,"href":"https:\/\/www.colegiomanuelbulnes.cl\/index.php?rest_route=%2Fwp%2Fv2%2Fcomments&post=8845"}],"version-history":[{"count":1,"href":"https:\/\/www.colegiomanuelbulnes.cl\/index.php?rest_route=\/wp\/v2\/posts\/8845\/revisions"}],"predecessor-version":[{"id":8849,"href":"https:\/\/www.colegiomanuelbulnes.cl\/index.php?rest_route=\/wp\/v2\/posts\/8845\/revisions\/8849"}],"wp:featuredmedia":[{"embeddable":true,"href":"https:\/\/www.colegiomanuelbulnes.cl\/index.php?rest_route=\/wp\/v2\/media\/8846"}],"wp:attachment":[{"href":"https:\/\/www.colegiomanuelbulnes.cl\/index.php?rest_route=%2Fwp%2Fv2%2Fmedia&parent=8845"}],"wp:term":[{"taxonomy":"category","embeddable":true,"href":"https:\/\/www.colegiomanuelbulnes.cl\/index.php?rest_route=%2Fwp%2Fv2%2Fcategories&post=8845"},{"taxonomy":"post_tag","embeddable":true,"href":"https:\/\/www.colegiomanuelbulnes.cl\/index.php?rest_route=%2Fwp%2Fv2%2Ftags&post=8845"}],"curies":[{"name":"wp","href":"https:\/\/api.w.org\/{rel}","templated":true}]}}