{"id":887,"date":"2019-02-05T11:51:03","date_gmt":"2019-02-05T15:51:03","guid":{"rendered":"http:\/\/www.colegiomanuelbulnes.cl\/?p=887"},"modified":"2019-02-05T11:51:03","modified_gmt":"2019-02-05T15:51:03","slug":"modificacion-calendario-escolar-2019","status":"publish","type":"post","link":"https:\/\/www.colegiomanuelbulnes.cl\/?p=887","title":{"rendered":"Modificaci\u00f3n calendario escolar 2019"},"content":{"rendered":"<p>Estimados informamos a toda la comunidad educativa la modificaci\u00f3n del calendario escolar para el presente a\u00f1o.<\/p>\n<p><img loading=\"lazy\" decoding=\"async\" class=\"alignnone size-medium wp-image-888\" src=\"https:\/\/www.colegiomanuelbulnes.cl\/wp-content\/uploads\/2019\/02\/Dias-sin-clases-300x169.png\" alt=\"\" width=\"300\" height=\"169\" srcset=\"https:\/\/www.colegiomanuelbulnes.cl\/wp-content\/uploads\/2019\/02\/Dias-sin-clases-300x169.png 300w, https:\/\/www.colegiomanuelbulnes.cl\/wp-content\/uploads\/2019\/02\/Dias-sin-clases-768x432.png 768w, https:\/\/www.colegiomanuelbulnes.cl\/wp-content\/uploads\/2019\/02\/Dias-sin-clases-1024x576.png 1024w, https:\/\/www.colegiomanuelbulnes.cl\/wp-content\/uploads\/2019\/02\/Dias-sin-clases.png 1280w\" sizes=\"(max-width: 300px) 100vw, 300px\" \/><\/p>\n","protected":false},"excerpt":{"rendered":"<p>Estimados informamos a toda la comunidad educativa la modificaci\u00f3n del calendario escolar para el presente a\u00f1o.<\/p>\n","protected":false},"author":1,"featured_media":888,"comment_status":"closed","ping_status":"open","sticky":false,"template":"","format":"standard","meta":{"footnotes":""},"categories":[3],"tags":[],"_links":{"self":[{"href":"https:\/\/www.colegiomanuelbulnes.cl\/index.php?rest_route=\/wp\/v2\/posts\/887"}],"collection":[{"href":"https:\/\/www.colegiomanuelbulnes.cl\/index.php?rest_route=\/wp\/v2\/posts"}],"about":[{"href":"https:\/\/www.colegiomanuelbulnes.cl\/index.php?rest_route=\/wp\/v2\/types\/post"}],"author":[{"embeddable":true,"href":"https:\/\/www.colegiomanuelbulnes.cl\/index.php?rest_route=\/wp\/v2\/users\/1"}],"replies":[{"embeddable":true,"href":"https:\/\/www.colegiomanuelbulnes.cl\/index.php?rest_route=%2Fwp%2Fv2%2Fcomments&post=887"}],"version-history":[{"count":1,"href":"https:\/\/www.colegiomanuelbulnes.cl\/index.php?rest_route=\/wp\/v2\/posts\/887\/revisions"}],"predecessor-version":[{"id":889,"href":"https:\/\/www.colegiomanuelbulnes.cl\/index.php?rest_route=\/wp\/v2\/posts\/887\/revisions\/889"}],"wp:featuredmedia":[{"embeddable":true,"href":"https:\/\/www.colegiomanuelbulnes.cl\/index.php?rest_route=\/wp\/v2\/media\/888"}],"wp:attachment":[{"href":"https:\/\/www.colegiomanuelbulnes.cl\/index.php?rest_route=%2Fwp%2Fv2%2Fmedia&parent=887"}],"wp:term":[{"taxonomy":"category","embeddable":true,"href":"https:\/\/www.colegiomanuelbulnes.cl\/index.php?rest_route=%2Fwp%2Fv2%2Fcategories&post=887"},{"taxonomy":"post_tag","embeddable":true,"href":"https:\/\/www.colegiomanuelbulnes.cl\/index.php?rest_route=%2Fwp%2Fv2%2Ftags&post=887"}],"curies":[{"name":"wp","href":"https:\/\/api.w.org\/{rel}","templated":true}]}}