{"id":8901,"date":"2023-09-11T16:16:56","date_gmt":"2023-09-11T20:16:56","guid":{"rendered":"http:\/\/www.colegiomanuelbulnes.cl\/?p=8901"},"modified":"2023-09-11T16:16:56","modified_gmt":"2023-09-11T20:16:56","slug":"viva-la-chilenidad-%f0%9f%87%a8%f0%9f%87%b1%f0%9f%8e%89","status":"publish","type":"post","link":"https:\/\/www.colegiomanuelbulnes.cl\/?p=8901","title":{"rendered":"\u00a1Viva la Chilenidad! \ud83c\udde8\ud83c\uddf1\ud83c\udf89"},"content":{"rendered":"\n<p>Este s\u00e1bado 09 de septiembre, el Colegio Manuel Bulnes se llen\u00f3 de alegr\u00eda, m\u00fasica y tradici\u00f3n para celebrar la Fiesta de la Chilenidad, un evento que nos record\u00f3 lo hermoso y rico que es nuestro pa\u00eds. Fue una jornada llena de emociones y color, en la que pudimos disfrutar de lo mejor de la cultura chilena.<\/p>\n\n\n\n<p>Desde muy temprano, el colegio se visti\u00f3 de fiesta. La entrada estaba adornada con banderas chilenas y flores, y el aroma de las empanadas reci\u00e9n horneadas llenaba el aire. Los estudiantes, profesores y familias se unieron para celebrar juntos esta fecha tan importante en nuestro calendario.<\/p>\n\n\n\n<p>La m\u00fasica fue una parte fundamental de la celebraci\u00f3n. Desde cuecas hasta tonadas, pasando por la m\u00fasica folcl\u00f3rica, todos los g\u00e9neros chilenos se hicieron presentes. Los bailes tradicionales no faltaron, y los estudiantes demostraron su destreza y pasi\u00f3n por nuestras danzas t\u00edpicas. Los aplausos y v\u00edtores del p\u00fablico fueron un reconocimiento merecido para sus talentosos performances.<\/p>\n\n\n\n<p>La comida, por supuesto, fue uno de los platos fuertes de la jornada. Las empanadas, los anticuchos, los sopaipillas con pebre y el infaltable navegado para la lluviosa jornada, se disfrutaron en cada rinc\u00f3n del colegio.<\/p>\n\n\n\n<p>Los juegos tradicionales chilenos como botar los tarros, tiro de argollas y el taca-taca entretuvieron a grandes y peque\u00f1os, mientras que los concursos de cueca y trajes t\u00edpicos pusieron a prueba nuestro conocimiento y amor por nuestras tradiciones.<\/p>\n\n\n\n<p>La Fiesta de la Chilenidad en el Colegio Manuel Bulnes fue un recordatorio de la importancia de mantener viva nuestra cultura y nuestras ra\u00edces. Fue un d\u00eda en el que todos nos sentimos orgullosos de ser chilenos y en el que pudimos compartir la alegr\u00eda de nuestra identidad.<\/p>\n\n\n\n<p>La Direcci\u00f3n del establecimiento agradece a todos los que hicieron posible esta maravillosa celebraci\u00f3n, desde los organizadores (CGP) hasta los participantes y visitantes. \u00a1Nos vemos el pr\u00f3ximo a\u00f1o para seguir celebrando juntos nuestra querida Chilenidad! \ud83c\udde8\ud83c\uddf1\ud83c\udfb6\ud83e\udd5f<\/p>\n\n\n\n<figure class=\"wp-block-gallery has-nested-images columns-default is-cropped wp-block-gallery-1 is-layout-flex wp-block-gallery-is-layout-flex\">\n<figure class=\"wp-block-image size-large\"><img loading=\"lazy\" decoding=\"async\" width=\"456\" height=\"663\" data-id=\"8905\" src=\"https:\/\/www.colegiomanuelbulnes.cl\/wp-content\/uploads\/2023\/09\/Captura-de-pantalla-2023-09-11-085119.png\" alt=\"\" class=\"wp-image-8905\" srcset=\"https:\/\/www.colegiomanuelbulnes.cl\/wp-content\/uploads\/2023\/09\/Captura-de-pantalla-2023-09-11-085119.png 456w, https:\/\/www.colegiomanuelbulnes.cl\/wp-content\/uploads\/2023\/09\/Captura-de-pantalla-2023-09-11-085119-206x300.png 206w\" sizes=\"(max-width: 456px) 100vw, 456px\" \/><\/figure>\n\n\n\n<figure class=\"wp-block-image size-large\"><img loading=\"lazy\" decoding=\"async\" width=\"462\" height=\"692\" data-id=\"8902\" src=\"https:\/\/www.colegiomanuelbulnes.cl\/wp-content\/uploads\/2023\/09\/Captura-de-pantalla-2023-09-11-085222.png\" alt=\"\" class=\"wp-image-8902\" srcset=\"https:\/\/www.colegiomanuelbulnes.cl\/wp-content\/uploads\/2023\/09\/Captura-de-pantalla-2023-09-11-085222.png 462w, https:\/\/www.colegiomanuelbulnes.cl\/wp-content\/uploads\/2023\/09\/Captura-de-pantalla-2023-09-11-085222-200x300.png 200w\" sizes=\"(max-width: 462px) 100vw, 462px\" \/><\/figure>\n\n\n\n<figure class=\"wp-block-image size-large\"><img loading=\"lazy\" decoding=\"async\" width=\"437\" height=\"648\" data-id=\"8907\" src=\"https:\/\/www.colegiomanuelbulnes.cl\/wp-content\/uploads\/2023\/09\/Captura-de-pantalla-2023-09-11-085303.png\" alt=\"\" class=\"wp-image-8907\" srcset=\"https:\/\/www.colegiomanuelbulnes.cl\/wp-content\/uploads\/2023\/09\/Captura-de-pantalla-2023-09-11-085303.png 437w, https:\/\/www.colegiomanuelbulnes.cl\/wp-content\/uploads\/2023\/09\/Captura-de-pantalla-2023-09-11-085303-202x300.png 202w\" sizes=\"(max-width: 437px) 100vw, 437px\" \/><\/figure>\n\n\n\n<figure class=\"wp-block-image size-large\"><img loading=\"lazy\" decoding=\"async\" width=\"1024\" height=\"768\" data-id=\"8903\" src=\"https:\/\/www.colegiomanuelbulnes.cl\/wp-content\/uploads\/2023\/09\/Imagen-de-WhatsApp-2023-09-07-a-las-16.52.09-1024x768.jpg\" alt=\"\" class=\"wp-image-8903\" srcset=\"https:\/\/www.colegiomanuelbulnes.cl\/wp-content\/uploads\/2023\/09\/Imagen-de-WhatsApp-2023-09-07-a-las-16.52.09-1024x768.jpg 1024w, https:\/\/www.colegiomanuelbulnes.cl\/wp-content\/uploads\/2023\/09\/Imagen-de-WhatsApp-2023-09-07-a-las-16.52.09-300x225.jpg 300w, https:\/\/www.colegiomanuelbulnes.cl\/wp-content\/uploads\/2023\/09\/Imagen-de-WhatsApp-2023-09-07-a-las-16.52.09-768x576.jpg 768w, https:\/\/www.colegiomanuelbulnes.cl\/wp-content\/uploads\/2023\/09\/Imagen-de-WhatsApp-2023-09-07-a-las-16.52.09-782x587.jpg 782w, https:\/\/www.colegiomanuelbulnes.cl\/wp-content\/uploads\/2023\/09\/Imagen-de-WhatsApp-2023-09-07-a-las-16.52.09.jpg 1280w\" sizes=\"(max-width: 1024px) 100vw, 1024px\" \/><\/figure>\n\n\n\n<figure class=\"wp-block-image size-large\"><img loading=\"lazy\" decoding=\"async\" width=\"1024\" height=\"768\" data-id=\"8906\" src=\"https:\/\/www.colegiomanuelbulnes.cl\/wp-content\/uploads\/2023\/09\/Imagen-de-WhatsApp-2023-09-08-a-las-11.58.14-1024x768.jpg\" alt=\"\" class=\"wp-image-8906\" srcset=\"https:\/\/www.colegiomanuelbulnes.cl\/wp-content\/uploads\/2023\/09\/Imagen-de-WhatsApp-2023-09-08-a-las-11.58.14-1024x768.jpg 1024w, https:\/\/www.colegiomanuelbulnes.cl\/wp-content\/uploads\/2023\/09\/Imagen-de-WhatsApp-2023-09-08-a-las-11.58.14-300x225.jpg 300w, https:\/\/www.colegiomanuelbulnes.cl\/wp-content\/uploads\/2023\/09\/Imagen-de-WhatsApp-2023-09-08-a-las-11.58.14-768x576.jpg 768w, https:\/\/www.colegiomanuelbulnes.cl\/wp-content\/uploads\/2023\/09\/Imagen-de-WhatsApp-2023-09-08-a-las-11.58.14-782x587.jpg 782w, https:\/\/www.colegiomanuelbulnes.cl\/wp-content\/uploads\/2023\/09\/Imagen-de-WhatsApp-2023-09-08-a-las-11.58.14.jpg 1280w\" sizes=\"(max-width: 1024px) 100vw, 1024px\" \/><\/figure>\n\n\n\n<figure class=\"wp-block-image size-large\"><img loading=\"lazy\" decoding=\"async\" width=\"1024\" height=\"768\" data-id=\"8904\" src=\"https:\/\/www.colegiomanuelbulnes.cl\/wp-content\/uploads\/2023\/09\/Imagen-de-WhatsApp-2023-09-08-a-las-11.59.11-1024x768.jpg\" alt=\"\" class=\"wp-image-8904\" srcset=\"https:\/\/www.colegiomanuelbulnes.cl\/wp-content\/uploads\/2023\/09\/Imagen-de-WhatsApp-2023-09-08-a-las-11.59.11-1024x768.jpg 1024w, https:\/\/www.colegiomanuelbulnes.cl\/wp-content\/uploads\/2023\/09\/Imagen-de-WhatsApp-2023-09-08-a-las-11.59.11-300x225.jpg 300w, https:\/\/www.colegiomanuelbulnes.cl\/wp-content\/uploads\/2023\/09\/Imagen-de-WhatsApp-2023-09-08-a-las-11.59.11-768x576.jpg 768w, https:\/\/www.colegiomanuelbulnes.cl\/wp-content\/uploads\/2023\/09\/Imagen-de-WhatsApp-2023-09-08-a-las-11.59.11-782x587.jpg 782w, https:\/\/www.colegiomanuelbulnes.cl\/wp-content\/uploads\/2023\/09\/Imagen-de-WhatsApp-2023-09-08-a-las-11.59.11.jpg 1280w\" sizes=\"(max-width: 1024px) 100vw, 1024px\" \/><\/figure>\n\n\n\n<figure class=\"wp-block-image size-large\"><img loading=\"lazy\" decoding=\"async\" width=\"768\" height=\"1024\" data-id=\"8908\" src=\"https:\/\/www.colegiomanuelbulnes.cl\/wp-content\/uploads\/2023\/09\/Imagen-de-WhatsApp-2023-09-08-a-las-12.03.49-768x1024.jpg\" alt=\"\" class=\"wp-image-8908\" srcset=\"https:\/\/www.colegiomanuelbulnes.cl\/wp-content\/uploads\/2023\/09\/Imagen-de-WhatsApp-2023-09-08-a-las-12.03.49-768x1024.jpg 768w, https:\/\/www.colegiomanuelbulnes.cl\/wp-content\/uploads\/2023\/09\/Imagen-de-WhatsApp-2023-09-08-a-las-12.03.49-225x300.jpg 225w, https:\/\/www.colegiomanuelbulnes.cl\/wp-content\/uploads\/2023\/09\/Imagen-de-WhatsApp-2023-09-08-a-las-12.03.49-782x1043.jpg 782w, https:\/\/www.colegiomanuelbulnes.cl\/wp-content\/uploads\/2023\/09\/Imagen-de-WhatsApp-2023-09-08-a-las-12.03.49.jpg 960w\" sizes=\"(max-width: 768px) 100vw, 768px\" \/><\/figure>\n\n\n\n<figure class=\"wp-block-image size-large\"><img loading=\"lazy\" decoding=\"async\" width=\"1024\" height=\"576\" data-id=\"8910\" src=\"https:\/\/www.colegiomanuelbulnes.cl\/wp-content\/uploads\/2023\/09\/Imagen-de-WhatsApp-2023-09-09-a-las-16.54.16-1024x576.jpg\" alt=\"\" class=\"wp-image-8910\" srcset=\"https:\/\/www.colegiomanuelbulnes.cl\/wp-content\/uploads\/2023\/09\/Imagen-de-WhatsApp-2023-09-09-a-las-16.54.16-1024x576.jpg 1024w, https:\/\/www.colegiomanuelbulnes.cl\/wp-content\/uploads\/2023\/09\/Imagen-de-WhatsApp-2023-09-09-a-las-16.54.16-300x169.jpg 300w, https:\/\/www.colegiomanuelbulnes.cl\/wp-content\/uploads\/2023\/09\/Imagen-de-WhatsApp-2023-09-09-a-las-16.54.16-768x432.jpg 768w, https:\/\/www.colegiomanuelbulnes.cl\/wp-content\/uploads\/2023\/09\/Imagen-de-WhatsApp-2023-09-09-a-las-16.54.16-1536x864.jpg 1536w, https:\/\/www.colegiomanuelbulnes.cl\/wp-content\/uploads\/2023\/09\/Imagen-de-WhatsApp-2023-09-09-a-las-16.54.16-782x440.jpg 782w, https:\/\/www.colegiomanuelbulnes.cl\/wp-content\/uploads\/2023\/09\/Imagen-de-WhatsApp-2023-09-09-a-las-16.54.16.jpg 1600w\" sizes=\"(max-width: 1024px) 100vw, 1024px\" \/><\/figure>\n\n\n\n<figure class=\"wp-block-image size-large\"><img loading=\"lazy\" decoding=\"async\" width=\"461\" height=\"1024\" data-id=\"8909\" src=\"https:\/\/www.colegiomanuelbulnes.cl\/wp-content\/uploads\/2023\/09\/Imagen-de-WhatsApp-2023-09-09-a-las-20.41.01-461x1024.jpg\" alt=\"\" class=\"wp-image-8909\" srcset=\"https:\/\/www.colegiomanuelbulnes.cl\/wp-content\/uploads\/2023\/09\/Imagen-de-WhatsApp-2023-09-09-a-las-20.41.01-461x1024.jpg 461w, https:\/\/www.colegiomanuelbulnes.cl\/wp-content\/uploads\/2023\/09\/Imagen-de-WhatsApp-2023-09-09-a-las-20.41.01-135x300.jpg 135w, https:\/\/www.colegiomanuelbulnes.cl\/wp-content\/uploads\/2023\/09\/Imagen-de-WhatsApp-2023-09-09-a-las-20.41.01-691x1536.jpg 691w, https:\/\/www.colegiomanuelbulnes.cl\/wp-content\/uploads\/2023\/09\/Imagen-de-WhatsApp-2023-09-09-a-las-20.41.01.jpg 720w\" sizes=\"(max-width: 461px) 100vw, 461px\" \/><\/figure>\n\n\n\n<figure class=\"wp-block-image size-large\"><img loading=\"lazy\" decoding=\"async\" width=\"461\" height=\"1024\" data-id=\"8911\" src=\"https:\/\/www.colegiomanuelbulnes.cl\/wp-content\/uploads\/2023\/09\/Imagen-de-WhatsApp-2023-09-09-a-las-20.41.02-461x1024.jpg\" alt=\"\" class=\"wp-image-8911\" srcset=\"https:\/\/www.colegiomanuelbulnes.cl\/wp-content\/uploads\/2023\/09\/Imagen-de-WhatsApp-2023-09-09-a-las-20.41.02-461x1024.jpg 461w, https:\/\/www.colegiomanuelbulnes.cl\/wp-content\/uploads\/2023\/09\/Imagen-de-WhatsApp-2023-09-09-a-las-20.41.02-135x300.jpg 135w, https:\/\/www.colegiomanuelbulnes.cl\/wp-content\/uploads\/2023\/09\/Imagen-de-WhatsApp-2023-09-09-a-las-20.41.02-691x1536.jpg 691w, https:\/\/www.colegiomanuelbulnes.cl\/wp-content\/uploads\/2023\/09\/Imagen-de-WhatsApp-2023-09-09-a-las-20.41.02.jpg 720w\" sizes=\"(max-width: 461px) 100vw, 461px\" \/><\/figure>\n\n\n\n<figure class=\"wp-block-image size-large\"><img loading=\"lazy\" decoding=\"async\" width=\"1024\" height=\"576\" data-id=\"8912\" src=\"https:\/\/www.colegiomanuelbulnes.cl\/wp-content\/uploads\/2023\/09\/Imagen-de-WhatsApp-2023-09-09-a-las-20.41.14-1024x576.jpg\" alt=\"\" class=\"wp-image-8912\" srcset=\"https:\/\/www.colegiomanuelbulnes.cl\/wp-content\/uploads\/2023\/09\/Imagen-de-WhatsApp-2023-09-09-a-las-20.41.14-1024x576.jpg 1024w, https:\/\/www.colegiomanuelbulnes.cl\/wp-content\/uploads\/2023\/09\/Imagen-de-WhatsApp-2023-09-09-a-las-20.41.14-300x169.jpg 300w, https:\/\/www.colegiomanuelbulnes.cl\/wp-content\/uploads\/2023\/09\/Imagen-de-WhatsApp-2023-09-09-a-las-20.41.14-768x432.jpg 768w, https:\/\/www.colegiomanuelbulnes.cl\/wp-content\/uploads\/2023\/09\/Imagen-de-WhatsApp-2023-09-09-a-las-20.41.14-782x440.jpg 782w, https:\/\/www.colegiomanuelbulnes.cl\/wp-content\/uploads\/2023\/09\/Imagen-de-WhatsApp-2023-09-09-a-las-20.41.14.jpg 1280w\" sizes=\"(max-width: 1024px) 100vw, 1024px\" \/><\/figure>\n\n\n\n<figure class=\"wp-block-image size-large\"><img loading=\"lazy\" decoding=\"async\" width=\"1024\" height=\"576\" data-id=\"8913\" src=\"https:\/\/www.colegiomanuelbulnes.cl\/wp-content\/uploads\/2023\/09\/Imagen-de-WhatsApp-2023-09-09-a-las-20.41.25-1024x576.jpg\" alt=\"\" class=\"wp-image-8913\" srcset=\"https:\/\/www.colegiomanuelbulnes.cl\/wp-content\/uploads\/2023\/09\/Imagen-de-WhatsApp-2023-09-09-a-las-20.41.25-1024x576.jpg 1024w, https:\/\/www.colegiomanuelbulnes.cl\/wp-content\/uploads\/2023\/09\/Imagen-de-WhatsApp-2023-09-09-a-las-20.41.25-300x169.jpg 300w, https:\/\/www.colegiomanuelbulnes.cl\/wp-content\/uploads\/2023\/09\/Imagen-de-WhatsApp-2023-09-09-a-las-20.41.25-768x432.jpg 768w, https:\/\/www.colegiomanuelbulnes.cl\/wp-content\/uploads\/2023\/09\/Imagen-de-WhatsApp-2023-09-09-a-las-20.41.25-1536x864.jpg 1536w, https:\/\/www.colegiomanuelbulnes.cl\/wp-content\/uploads\/2023\/09\/Imagen-de-WhatsApp-2023-09-09-a-las-20.41.25-782x440.jpg 782w, https:\/\/www.colegiomanuelbulnes.cl\/wp-content\/uploads\/2023\/09\/Imagen-de-WhatsApp-2023-09-09-a-las-20.41.25.jpg 1599w\" sizes=\"(max-width: 1024px) 100vw, 1024px\" \/><\/figure>\n\n\n\n<figure class=\"wp-block-image size-large\"><img loading=\"lazy\" decoding=\"async\" width=\"1024\" height=\"461\" data-id=\"8914\" src=\"https:\/\/www.colegiomanuelbulnes.cl\/wp-content\/uploads\/2023\/09\/Imagen-de-WhatsApp-2023-09-09-a-las-20.41.26-1024x461.jpg\" alt=\"\" class=\"wp-image-8914\" srcset=\"https:\/\/www.colegiomanuelbulnes.cl\/wp-content\/uploads\/2023\/09\/Imagen-de-WhatsApp-2023-09-09-a-las-20.41.26-1024x461.jpg 1024w, https:\/\/www.colegiomanuelbulnes.cl\/wp-content\/uploads\/2023\/09\/Imagen-de-WhatsApp-2023-09-09-a-las-20.41.26-300x135.jpg 300w, https:\/\/www.colegiomanuelbulnes.cl\/wp-content\/uploads\/2023\/09\/Imagen-de-WhatsApp-2023-09-09-a-las-20.41.26-768x346.jpg 768w, https:\/\/www.colegiomanuelbulnes.cl\/wp-content\/uploads\/2023\/09\/Imagen-de-WhatsApp-2023-09-09-a-las-20.41.26-1536x691.jpg 1536w, https:\/\/www.colegiomanuelbulnes.cl\/wp-content\/uploads\/2023\/09\/Imagen-de-WhatsApp-2023-09-09-a-las-20.41.26-782x352.jpg 782w, https:\/\/www.colegiomanuelbulnes.cl\/wp-content\/uploads\/2023\/09\/Imagen-de-WhatsApp-2023-09-09-a-las-20.41.26.jpg 1600w\" sizes=\"(max-width: 1024px) 100vw, 1024px\" \/><\/figure>\n\n\n\n<figure class=\"wp-block-image size-large\"><img loading=\"lazy\" decoding=\"async\" width=\"1024\" height=\"576\" data-id=\"8915\" src=\"https:\/\/www.colegiomanuelbulnes.cl\/wp-content\/uploads\/2023\/09\/principal-1024x576.jpg\" alt=\"\" class=\"wp-image-8915\" srcset=\"https:\/\/www.colegiomanuelbulnes.cl\/wp-content\/uploads\/2023\/09\/principal-1024x576.jpg 1024w, https:\/\/www.colegiomanuelbulnes.cl\/wp-content\/uploads\/2023\/09\/principal-300x169.jpg 300w, https:\/\/www.colegiomanuelbulnes.cl\/wp-content\/uploads\/2023\/09\/principal-768x432.jpg 768w, https:\/\/www.colegiomanuelbulnes.cl\/wp-content\/uploads\/2023\/09\/principal-782x440.jpg 782w, https:\/\/www.colegiomanuelbulnes.cl\/wp-content\/uploads\/2023\/09\/principal.jpg 1408w\" sizes=\"(max-width: 1024px) 100vw, 1024px\" \/><\/figure>\n<\/figure>\n","protected":false},"excerpt":{"rendered":"<p>Este s\u00e1bado 09 de septiembre, el Colegio Manuel Bulnes se llen\u00f3 de alegr\u00eda, m\u00fasica y tradici\u00f3n para celebrar la Fiesta de la Chilenidad, un evento que nos record\u00f3 lo hermoso y rico que es nuestro pa\u00eds. Fue una jornada llena de emociones y color, en la que pudimos disfrutar de lo mejor de la cultura [&hellip;]<\/p>\n","protected":false},"author":1,"featured_media":8915,"comment_status":"closed","ping_status":"open","sticky":false,"template":"","format":"standard","meta":{"footnotes":""},"categories":[3],"tags":[],"_links":{"self":[{"href":"https:\/\/www.colegiomanuelbulnes.cl\/index.php?rest_route=\/wp\/v2\/posts\/8901"}],"collection":[{"href":"https:\/\/www.colegiomanuelbulnes.cl\/index.php?rest_route=\/wp\/v2\/posts"}],"about":[{"href":"https:\/\/www.colegiomanuelbulnes.cl\/index.php?rest_route=\/wp\/v2\/types\/post"}],"author":[{"embeddable":true,"href":"https:\/\/www.colegiomanuelbulnes.cl\/index.php?rest_route=\/wp\/v2\/users\/1"}],"replies":[{"embeddable":true,"href":"https:\/\/www.colegiomanuelbulnes.cl\/index.php?rest_route=%2Fwp%2Fv2%2Fcomments&post=8901"}],"version-history":[{"count":1,"href":"https:\/\/www.colegiomanuelbulnes.cl\/index.php?rest_route=\/wp\/v2\/posts\/8901\/revisions"}],"predecessor-version":[{"id":8916,"href":"https:\/\/www.colegiomanuelbulnes.cl\/index.php?rest_route=\/wp\/v2\/posts\/8901\/revisions\/8916"}],"wp:featuredmedia":[{"embeddable":true,"href":"https:\/\/www.colegiomanuelbulnes.cl\/index.php?rest_route=\/wp\/v2\/media\/8915"}],"wp:attachment":[{"href":"https:\/\/www.colegiomanuelbulnes.cl\/index.php?rest_route=%2Fwp%2Fv2%2Fmedia&parent=8901"}],"wp:term":[{"taxonomy":"category","embeddable":true,"href":"https:\/\/www.colegiomanuelbulnes.cl\/index.php?rest_route=%2Fwp%2Fv2%2Fcategories&post=8901"},{"taxonomy":"post_tag","embeddable":true,"href":"https:\/\/www.colegiomanuelbulnes.cl\/index.php?rest_route=%2Fwp%2Fv2%2Ftags&post=8901"}],"curies":[{"name":"wp","href":"https:\/\/api.w.org\/{rel}","templated":true}]}}