{"id":903,"date":"2019-03-22T11:40:31","date_gmt":"2019-03-22T15:40:31","guid":{"rendered":"http:\/\/www.colegiomanuelbulnes.cl\/?p=903"},"modified":"2019-03-22T11:53:07","modified_gmt":"2019-03-22T15:53:07","slug":"marzo-mes-de-ciberbullying","status":"publish","type":"post","link":"https:\/\/www.colegiomanuelbulnes.cl\/?p=903","title":{"rendered":"Marzo; Mes del CiberBullying."},"content":{"rendered":"\n<h2 class=\"wp-block-heading\"><strong>Departamento de Convivencia Escolar del Colegio Manuel Bulnes, Realiza charla sobre el Ciber Acoso a los alumnos de 7 mo y 8 avo a\u00f1o b\u00e1sico.<\/strong><\/h2>\n\n\n\n<p>El Departamento de Convivencia Social y Escolar dirigido por los Inspectores Eduardo Retamal, Maximiliano C\u00e1ceres y Ver\u00f3nica Barros, la Psic\u00f3loga &nbsp;se\u00f1ora B\u00e1rbara Honorato, la docente Patricia Aldana, en colaboraci\u00f3n con el Departamento de Inform\u00e1tica, encabezado por Fernando Aravena y&nbsp; en conjunto con los alumnos de 7 mo y 8 vo b\u00e1sico&nbsp; conmemoraron el d\u00eda del \u201cCiber Acoso\u201d, el 14 de Marzo. &nbsp;En esta ocasi\u00f3n, se realiz\u00f3 una charla expositiva con el objetivo de entregar orientaciones sobre el autocuidado y la sobreexposici\u00f3n en las redes sociales. Entre los temas expuestos se convers\u00f3 \u00bfQu\u00e9 es el Ciber bullying? \u00bfQu\u00e9 efectos tiene?, medios por los cuales se realiza el Ciber bullying, datos estad\u00edsticos y aumento del Ciber bullying en Chile. Los alumnos opinaron y expusieron sobre el cuidado que deben tener en las redes sociales y evitar caer, en conflictos por este medio.<\/p>\n\n\n\n<p>Los\nalumnos(as) se mostraron motivados y participativos adem\u00e1s agradecieron la\nrelevancia que el establecimiento le est\u00e1 dando a estos temas. &nbsp;Adem\u00e1s, se entreg\u00f3 la planificaci\u00f3n de\nactividades que se realizar\u00e1 durante el a\u00f1o, entre los temas que se abordaran\nest\u00e1n; Charlas de sexualidad, con el CESFAM Oscar Bonilla, jornadas de\nLiderazgo, Plan de seguridad y autocuidado ante incendios y terremotos, tambi\u00e9n\nel d\u00eda de la Convivencia escolar, charlas con Carabineros de Chile, Polic\u00eda de\nInvestigaciones y un tema que est\u00e1 llamando mucho la atenci\u00f3n entre nuestra\ncomunidad educativa <\/p>\n\n\n\n<p>sobre el cuidado\ndel medio ambiente, inclusi\u00f3n y vida saludable, as\u00ed los se\u00f1al\u00f3 nuestra Directora\nla Se\u00f1ora Marta M\u00e9ndez como parte de nuestro plan de formaci\u00f3n integral para\ntodos los miembros de nuestra comunidad educativa.<\/p>\n\n\n\n<figure class=\"wp-block-image\"><img loading=\"lazy\" decoding=\"async\" width=\"1024\" height=\"768\" src=\"https:\/\/www.colegiomanuelbulnes.cl\/wp-content\/uploads\/2019\/03\/6-2-1024x768.jpg\" alt=\"\" class=\"wp-image-919\" srcset=\"https:\/\/www.colegiomanuelbulnes.cl\/wp-content\/uploads\/2019\/03\/6-2-1024x768.jpg 1024w, https:\/\/www.colegiomanuelbulnes.cl\/wp-content\/uploads\/2019\/03\/6-2-300x225.jpg 300w, https:\/\/www.colegiomanuelbulnes.cl\/wp-content\/uploads\/2019\/03\/6-2-768x576.jpg 768w, https:\/\/www.colegiomanuelbulnes.cl\/wp-content\/uploads\/2019\/03\/6-2.jpg 1350w\" sizes=\"(max-width: 1024px) 100vw, 1024px\" \/><\/figure>\n\n\n\n<figure class=\"wp-block-image\"><img loading=\"lazy\" decoding=\"async\" width=\"1024\" height=\"768\" src=\"https:\/\/www.colegiomanuelbulnes.cl\/wp-content\/uploads\/2019\/03\/2-1-1024x768.jpg\" alt=\"\" class=\"wp-image-909\" srcset=\"https:\/\/www.colegiomanuelbulnes.cl\/wp-content\/uploads\/2019\/03\/2-1-1024x768.jpg 1024w, https:\/\/www.colegiomanuelbulnes.cl\/wp-content\/uploads\/2019\/03\/2-1-300x225.jpg 300w, https:\/\/www.colegiomanuelbulnes.cl\/wp-content\/uploads\/2019\/03\/2-1-768x576.jpg 768w, https:\/\/www.colegiomanuelbulnes.cl\/wp-content\/uploads\/2019\/03\/2-1.jpg 1350w\" sizes=\"(max-width: 1024px) 100vw, 1024px\" \/><\/figure>\n\n\n\n<figure class=\"wp-block-image\"><img loading=\"lazy\" decoding=\"async\" width=\"1024\" height=\"768\" src=\"https:\/\/www.colegiomanuelbulnes.cl\/wp-content\/uploads\/2019\/03\/4-1024x768.jpg\" alt=\"\" class=\"wp-image-911\" srcset=\"https:\/\/www.colegiomanuelbulnes.cl\/wp-content\/uploads\/2019\/03\/4-1024x768.jpg 1024w, https:\/\/www.colegiomanuelbulnes.cl\/wp-content\/uploads\/2019\/03\/4-300x225.jpg 300w, https:\/\/www.colegiomanuelbulnes.cl\/wp-content\/uploads\/2019\/03\/4-768x576.jpg 768w, https:\/\/www.colegiomanuelbulnes.cl\/wp-content\/uploads\/2019\/03\/4.jpg 1350w\" sizes=\"(max-width: 1024px) 100vw, 1024px\" \/><\/figure>\n\n\n\n<figure class=\"wp-block-image\"><img loading=\"lazy\" decoding=\"async\" width=\"1024\" height=\"768\" src=\"https:\/\/www.colegiomanuelbulnes.cl\/wp-content\/uploads\/2019\/03\/5-1024x768.jpg\" alt=\"\" class=\"wp-image-912\" srcset=\"https:\/\/www.colegiomanuelbulnes.cl\/wp-content\/uploads\/2019\/03\/5-1024x768.jpg 1024w, https:\/\/www.colegiomanuelbulnes.cl\/wp-content\/uploads\/2019\/03\/5-300x225.jpg 300w, https:\/\/www.colegiomanuelbulnes.cl\/wp-content\/uploads\/2019\/03\/5-768x576.jpg 768w, https:\/\/www.colegiomanuelbulnes.cl\/wp-content\/uploads\/2019\/03\/5.jpg 1350w\" sizes=\"(max-width: 1024px) 100vw, 1024px\" \/><\/figure>\n\n\n\n<figure class=\"wp-block-image\"><img loading=\"lazy\" decoding=\"async\" width=\"1024\" height=\"768\" src=\"https:\/\/www.colegiomanuelbulnes.cl\/wp-content\/uploads\/2019\/03\/1-1-1024x768.jpg\" alt=\"\" class=\"wp-image-913\" srcset=\"https:\/\/www.colegiomanuelbulnes.cl\/wp-content\/uploads\/2019\/03\/1-1-1024x768.jpg 1024w, https:\/\/www.colegiomanuelbulnes.cl\/wp-content\/uploads\/2019\/03\/1-1-300x225.jpg 300w, https:\/\/www.colegiomanuelbulnes.cl\/wp-content\/uploads\/2019\/03\/1-1-768x576.jpg 768w, https:\/\/www.colegiomanuelbulnes.cl\/wp-content\/uploads\/2019\/03\/1-1.jpg 1350w\" sizes=\"(max-width: 1024px) 100vw, 1024px\" \/><\/figure>\n","protected":false},"excerpt":{"rendered":"<p>Departamento de Convivencia Escolar del Colegio Manuel Bulnes, Realiza charla sobre el Ciber Acoso a los alumnos de 7 mo y 8 avo a\u00f1o b\u00e1sico. El Departamento de Convivencia Social y Escolar dirigido por los Inspectores Eduardo Retamal, Maximiliano C\u00e1ceres y Ver\u00f3nica Barros, la Psic\u00f3loga &nbsp;se\u00f1ora B\u00e1rbara Honorato, la docente Patricia Aldana, en colaboraci\u00f3n con [&hellip;]<\/p>\n","protected":false},"author":1,"featured_media":920,"comment_status":"closed","ping_status":"open","sticky":false,"template":"","format":"standard","meta":{"footnotes":""},"categories":[3],"tags":[],"_links":{"self":[{"href":"https:\/\/www.colegiomanuelbulnes.cl\/index.php?rest_route=\/wp\/v2\/posts\/903"}],"collection":[{"href":"https:\/\/www.colegiomanuelbulnes.cl\/index.php?rest_route=\/wp\/v2\/posts"}],"about":[{"href":"https:\/\/www.colegiomanuelbulnes.cl\/index.php?rest_route=\/wp\/v2\/types\/post"}],"author":[{"embeddable":true,"href":"https:\/\/www.colegiomanuelbulnes.cl\/index.php?rest_route=\/wp\/v2\/users\/1"}],"replies":[{"embeddable":true,"href":"https:\/\/www.colegiomanuelbulnes.cl\/index.php?rest_route=%2Fwp%2Fv2%2Fcomments&post=903"}],"version-history":[{"count":8,"href":"https:\/\/www.colegiomanuelbulnes.cl\/index.php?rest_route=\/wp\/v2\/posts\/903\/revisions"}],"predecessor-version":[{"id":929,"href":"https:\/\/www.colegiomanuelbulnes.cl\/index.php?rest_route=\/wp\/v2\/posts\/903\/revisions\/929"}],"wp:featuredmedia":[{"embeddable":true,"href":"https:\/\/www.colegiomanuelbulnes.cl\/index.php?rest_route=\/wp\/v2\/media\/920"}],"wp:attachment":[{"href":"https:\/\/www.colegiomanuelbulnes.cl\/index.php?rest_route=%2Fwp%2Fv2%2Fmedia&parent=903"}],"wp:term":[{"taxonomy":"category","embeddable":true,"href":"https:\/\/www.colegiomanuelbulnes.cl\/index.php?rest_route=%2Fwp%2Fv2%2Fcategories&post=903"},{"taxonomy":"post_tag","embeddable":true,"href":"https:\/\/www.colegiomanuelbulnes.cl\/index.php?rest_route=%2Fwp%2Fv2%2Ftags&post=903"}],"curies":[{"name":"wp","href":"https:\/\/api.w.org\/{rel}","templated":true}]}}